{"id":50,"date":"2013-05-11T17:24:14","date_gmt":"2013-05-11T17:24:14","guid":{"rendered":"http:\/\/delmassaltet.wordpress.com\/?p=50"},"modified":"2013-05-11T17:24:14","modified_gmt":"2013-05-11T17:24:14","slug":"xxx-monografica-podenco-ibicenco","status":"publish","type":"post","link":"http:\/\/www.delmassaltet.com\/BLOG\/2013\/05\/11\/xxx-monografica-podenco-ibicenco\/","title":{"rendered":"XXX Monogr\u00e1fica Podenco Ibicenco"},"content":{"rendered":"<p style=\"text-align:justify;\">El pr\u00f3ximo d\u00eda 15 de Junio de 2013 a las 15:30H.\u00a0 la Asociaci\u00f3n Espa\u00f1ola para el Fomento de la Raza Podenco Ibicenco (AEPI) celebra su XXX Monogr\u00e1fica. El lugar elegido este a\u00f1o es Castell\u00f3n junto con su Exposici\u00f3n Nacional Canina.<\/p>\n<p style=\"text-align:justify;\"><!--more--><\/p>\n<p style=\"text-align:justify;\">El lugar el Recinto de Ferias y Mercados de Castell\u00f3n, amplisimo lugar con m\u00e1s de 20.000 m2. y un gran aparcamiento. El juez encargado de los juicios es D. Juan Miguel Gil Ferrara.<\/p>\n<p><a href=\"http:\/\/www.delmassaltet.com\/BLOG\/wp-content\/uploads\/2013\/05\/cartel-2013.jpg\"><img decoding=\"async\" loading=\"lazy\" class=\"size-medium wp-image-51 aligncenter\" alt=\"Cartel 2013\" src=\"http:\/\/www.delmassaltet.com\/BLOG\/wp-content\/uploads\/2013\/05\/cartel-2013.jpg?w=213\" width=\"213\" height=\"300\" srcset=\"http:\/\/www.delmassaltet.com\/BLOG\/wp-content\/uploads\/2013\/05\/cartel-2013.jpg 569w, http:\/\/www.delmassaltet.com\/BLOG\/wp-content\/uploads\/2013\/05\/cartel-2013-213x300.jpg 213w\" sizes=\"(max-width: 213px) 100vw, 213px\" \/><\/a><\/p>\n<p>Las inscripciones est\u00e1n abiertas hasta el 31 de Mayo y se pueden realizar OnLine desde su web: www.asociacionpodencoibicenco.com<\/p>\n","protected":false},"excerpt":{"rendered":"<p>El pr\u00f3ximo d\u00eda 15 de Junio de 2013 a las 15:30H.\u00a0 la Asociaci\u00f3n Espa\u00f1ola para el Fomento de la Raza Podenco Ibicenco (AEPI) celebra su XXX Monogr\u00e1fica. El lugar elegido este a\u00f1o es Castell\u00f3n junto con su Exposici\u00f3n Nacional Canina.<\/p>\n","protected":false},"author":1,"featured_media":0,"comment_status":"closed","ping_status":"open","sticky":false,"template":"","format":"standard","meta":{"ngg_post_thumbnail":0},"categories":[2],"tags":[4,32],"_links":{"self":[{"href":"http:\/\/www.delmassaltet.com\/BLOG\/wp-json\/wp\/v2\/posts\/50"}],"collection":[{"href":"http:\/\/www.delmassaltet.com\/BLOG\/wp-json\/wp\/v2\/posts"}],"about":[{"href":"http:\/\/www.delmassaltet.com\/BLOG\/wp-json\/wp\/v2\/types\/post"}],"author":[{"embeddable":true,"href":"http:\/\/www.delmassaltet.com\/BLOG\/wp-json\/wp\/v2\/users\/1"}],"replies":[{"embeddable":true,"href":"http:\/\/www.delmassaltet.com\/BLOG\/wp-json\/wp\/v2\/comments?post=50"}],"version-history":[{"count":0,"href":"http:\/\/www.delmassaltet.com\/BLOG\/wp-json\/wp\/v2\/posts\/50\/revisions"}],"wp:attachment":[{"href":"http:\/\/www.delmassaltet.com\/BLOG\/wp-json\/wp\/v2\/media?parent=50"}],"wp:term":[{"taxonomy":"category","embeddable":true,"href":"http:\/\/www.delmassaltet.com\/BLOG\/wp-json\/wp\/v2\/categories?post=50"},{"taxonomy":"post_tag","embeddable":true,"href":"http:\/\/www.delmassaltet.com\/BLOG\/wp-json\/wp\/v2\/tags?post=50"}],"curies":[{"name":"wp","href":"https:\/\/api.w.org\/{rel}","templated":true}]}}