{"id":427,"date":"2015-10-21T11:50:33","date_gmt":"2015-10-21T11:50:33","guid":{"rendered":"https:\/\/delmassaltet.wordpress.com\/?p=427"},"modified":"2019-02-20T18:04:24","modified_gmt":"2019-02-20T17:04:24","slug":"a-la-deriva","status":"publish","type":"post","link":"http:\/\/www.delmassaltet.com\/BLOG\/2015\/10\/21\/a-la-deriva\/","title":{"rendered":"A la deriva"},"content":{"rendered":"<p style=\"text-align:justify;\"><a href=\"http:\/\/www.delmassaltet.com\/BLOG\/wp-content\/uploads\/2013\/11\/wpid-20131116_165226.jpg\"><img decoding=\"async\" loading=\"lazy\" class=\"wp-image-391 alignleft\" src=\"http:\/\/www.delmassaltet.com\/BLOG\/wp-content\/uploads\/2013\/11\/wpid-20131116_165226.jpg?w=300\" alt=\"wpid-20131116_165226.jpg\" width=\"143\" height=\"107\" srcset=\"http:\/\/www.delmassaltet.com\/BLOG\/wp-content\/uploads\/2013\/11\/wpid-20131116_165226.jpg 1069w, http:\/\/www.delmassaltet.com\/BLOG\/wp-content\/uploads\/2013\/11\/wpid-20131116_165226-300x225.jpg 300w, http:\/\/www.delmassaltet.com\/BLOG\/wp-content\/uploads\/2013\/11\/wpid-20131116_165226-768x576.jpg 768w, http:\/\/www.delmassaltet.com\/BLOG\/wp-content\/uploads\/2013\/11\/wpid-20131116_165226-1024x768.jpg 1024w\" sizes=\"(max-width: 143px) 100vw, 143px\" \/><\/a>Desde hace alg\u00fan tiempo que quiero compartir esto con todos vosotros, mi pena y mi cabreo de ver hasta qu\u00e9 extremos est\u00e1 llegando mi querida raza, \u00abel Perro de Agua Espa\u00f1ol\u00bb. Esa raza de la que yo me enamore y de la que quise formar parte con toda mi ilusi\u00f3n.<\/p>\n<p style=\"text-align:justify;\">Ilusi\u00f3n, que se va viniendo abajo al ver una y otra vez los desastrosos ejemplares que se van paseando por las exposiciones y en muchos&nbsp; casos llegando hasta los primeros puestos.<!--more--><\/p>\n<p style=\"text-align:justify;\">Esos pechos anch\u00edsimos propios de otras razas&#8230;&nbsp; esos codos abiertos&#8230;&nbsp; esas proporciones&#8230; esos ejemplares \u00abpaticortos\u00bb&#8230; esas espaldas&#8230; esos pelos arreglados al m\u00e1ximo, cepillados y esculpidos a tijera hasta parecer otra raza o por contra enmara\u00f1ados y llenos de \u00abmugre\u00bb, (se\u00f1ores, hay un t\u00e9rmino medio), esos machos peque\u00f1os&nbsp; y sin sustancia que parecen hembritas, esas perritas \u00abmini\u00bb&#8230; en fin&#8230;.. Son muchas las cosas que me duelen de la raza y&nbsp; hoy en d\u00eda no le veo f\u00e1cil soluci\u00f3n. Quiz\u00e1 el estar de moda hace que \u00abtodo valga\u00bb y&nbsp; nos la estamos cargando.<\/p>\n<p style=\"text-align:justify;\">Se dice, se comenta, se rumorea que va a haber cambios en el est\u00e1ndar. Esto ha sido a ra\u00edz de la nueva ley de prohibici\u00f3n en Espa\u00f1a del corte de rabos y se va a&nbsp; aprovechar para cambiar otra cosas significativas. Y yo me pregunto&#8230; \u00bfqui\u00e9nes son los m\u00e1s adecuados para cambiar el est\u00e1ndar?,&nbsp; \u00bfcon qu\u00e9 criterio?, \u00bfestaremos implicados todos los criadores?, \u00bfser\u00e1n simplemente algunos \u00abelegidos\u00bb? y \u00bfqu\u00e9 elegidos?, \u00bfy porqu\u00e9 ellos?, \u00bfse ha hecho alg\u00fan estudio \u00faltimamente a la raza y de \u00e9l sale alg\u00fan cambio necesario?. Muchas son mis dudas y preguntas que de momento parece ser no tienen respuesta, aunque intuyo por d\u00f3nde va el tema. Lo que est\u00e1 claro es que el est\u00e1ndar deja muchas lagunas pero, hacer un cambio deprisa y poco consensuado no lo veo correcto. Son los criadores los que deben aportar su opini\u00f3n y no personas que igual tienen poco o ning\u00fan contacto con la raza.<\/p>\n<p style=\"text-align:justify;\">Y en relaci\u00f3n al cambio de est\u00e1ndar, \u00bfqu\u00e9 tipo de cola debe tener el Perro de Agua Espa\u00f1ol?. Entiendo que indicar\u00e1 tanto la forma como que ya no ser\u00e1n admitidos los ejemplares anuros o rabones, dejando esto como defecto, pues as\u00ed lo es. O \u00bfse pondr\u00e1 cola larga admitiendo ejemplares de nacimiento rabones o&nbsp; anuros y as\u00ed dar pie a la picaresca espa\u00f1ola?, \u00bfnos buscaremos&nbsp; la manera de tener un certificado de que han nacido rabones o anuros o que ha sido amputada por alg\u00fan problema y as\u00ed la cola que no guste se corta y listo?. Espero que seamos un poco serios y cuando uno entra en la realidad de dejar la cola larga, que sea con todas las consecuencias, como as\u00ed a sido en otras razas, aqu\u00ed no hay que inventar nada. En razas actuales con cola larga es un defecto no tenerla&nbsp; y en las razas que cortaban cola y ahora no, es defecto tener la cola corta.<\/p>\n<p style=\"text-align:justify;\">Hay otros temas muy importantes a corregir en el est\u00e1ndar como son los colores, \u00bfser\u00e1 corregido?, \u00bfse quitara como defecto el adalmatado y el orito?, \u00bfo no?, \u00bfse pondr\u00e1 un grado de adalmatado v\u00e1lido y seg\u00fan las manchas este s\u00ed y el otro no? Las mordidas, \u00bfpinza?, \u00bftijera? Angulaciones, \u00bfc\u00f3mo?, etc, etc&#8230;<\/p>\n<p style=\"text-align:justify;\">\u00bfAhora se har\u00e1 todo con prisas por tener el est\u00e1ndar arreglado por orden de la RSCE cuando est\u00e1 solo pide la modificaci\u00f3n del corte de rabo?<\/p>\n<p style=\"text-align:justify;\">&nbsp;En fin&#8230; no s\u00e9, pero como no se haga una cosa ser\u00eda pues eso&#8230;&#8230;&#8230;a la deriva.<\/p>\n","protected":false},"excerpt":{"rendered":"<p>Desde hace alg\u00fan tiempo que quiero compartir esto con todos vosotros, mi pena y mi cabreo de ver hasta qu\u00e9 extremos est\u00e1 llegando mi querida raza, \u00abel Perro de Agua Espa\u00f1ol\u00bb. Esa raza de la que yo me enamore y de la que quise formar parte con toda mi ilusi\u00f3n. Ilusi\u00f3n, que se va viniendo &#8230; <a title=\"A la deriva\" class=\"read-more\" href=\"http:\/\/www.delmassaltet.com\/BLOG\/2015\/10\/21\/a-la-deriva\/\" aria-label=\"M\u00e1s en A la deriva\">Leer m\u00e1s<\/a><\/p>\n","protected":false},"author":1,"featured_media":0,"comment_status":"closed","ping_status":"open","sticky":false,"template":"","format":"standard","meta":{"ngg_post_thumbnail":0},"categories":[2],"tags":[10,17,28,29],"_links":{"self":[{"href":"http:\/\/www.delmassaltet.com\/BLOG\/wp-json\/wp\/v2\/posts\/427"}],"collection":[{"href":"http:\/\/www.delmassaltet.com\/BLOG\/wp-json\/wp\/v2\/posts"}],"about":[{"href":"http:\/\/www.delmassaltet.com\/BLOG\/wp-json\/wp\/v2\/types\/post"}],"author":[{"embeddable":true,"href":"http:\/\/www.delmassaltet.com\/BLOG\/wp-json\/wp\/v2\/users\/1"}],"replies":[{"embeddable":true,"href":"http:\/\/www.delmassaltet.com\/BLOG\/wp-json\/wp\/v2\/comments?post=427"}],"version-history":[{"count":2,"href":"http:\/\/www.delmassaltet.com\/BLOG\/wp-json\/wp\/v2\/posts\/427\/revisions"}],"predecessor-version":[{"id":700,"href":"http:\/\/www.delmassaltet.com\/BLOG\/wp-json\/wp\/v2\/posts\/427\/revisions\/700"}],"wp:attachment":[{"href":"http:\/\/www.delmassaltet.com\/BLOG\/wp-json\/wp\/v2\/media?parent=427"}],"wp:term":[{"taxonomy":"category","embeddable":true,"href":"http:\/\/www.delmassaltet.com\/BLOG\/wp-json\/wp\/v2\/categories?post=427"},{"taxonomy":"post_tag","embeddable":true,"href":"http:\/\/www.delmassaltet.com\/BLOG\/wp-json\/wp\/v2\/tags?post=427"}],"curies":[{"name":"wp","href":"https:\/\/api.w.org\/{rel}","templated":true}]}}