{"id":421,"date":"2014-10-08T09:45:48","date_gmt":"2014-10-08T09:45:48","guid":{"rendered":"http:\/\/delmassaltet.wordpress.com\/?p=421"},"modified":"2019-02-25T16:04:08","modified_gmt":"2019-02-25T15:04:08","slug":"ii-monografica-nacional-cerva-del-gos-rater-valencia","status":"publish","type":"post","link":"http:\/\/www.delmassaltet.com\/BLOG\/2014\/10\/08\/ii-monografica-nacional-cerva-del-gos-rater-valencia\/","title":{"rendered":"II Monogr\u00e1fica Nacional CERVA del Gos Rater Valenci\u00e0"},"content":{"rendered":"<p style=\"text-align: justify;\"><a href=\"http:\/\/www.delmassaltet.com\/BLOG\/wp-content\/uploads\/2014\/10\/cartel-mono-2014_800.jpg\"><img decoding=\"async\" loading=\"lazy\" class=\"alignleft wp-image-422 size-medium\" src=\"http:\/\/www.delmassaltet.com\/BLOG\/wp-content\/uploads\/2014\/10\/cartel-mono-2014_800.jpg?w=213\" alt=\"Cartel mono 2014_800\" width=\"213\" height=\"300\" srcset=\"http:\/\/www.delmassaltet.com\/BLOG\/wp-content\/uploads\/2014\/10\/cartel-mono-2014_800.jpg 569w, http:\/\/www.delmassaltet.com\/BLOG\/wp-content\/uploads\/2014\/10\/cartel-mono-2014_800-213x300.jpg 213w\" sizes=\"(max-width: 213px) 100vw, 213px\" \/><\/a>Nuevamente el Club Espa\u00f1ol del Ratonero Valenciano \u2013 CERVA organiza su Monogr\u00e1fica Nacional del Gos Rater Valenci\u00e0 el d\u00eda 19 de Octubre de 2014 en la localidad de Vila-real (Castell\u00f3n).<\/p>\n<p style=\"text-align: justify;\">Este a\u00f1o se cuenta con el aliciente de que el CERVA ya es Club Amigo de la Real Sociedad Canina de Espa\u00f1a por lo que esta monogr\u00e1fica cuenta con las autorizaciones de la misma y jueces internacionales de ella. Contamos con el apoyo del Ayuntamiento de Vila-real, con la Sociedad Canina de Castell\u00f3n y con nuestro patrocinador para este evento Expoanimalia.<\/p>\n<p style=\"text-align: justify;\"><!--more-->El lugar es el mismo de la anterior ocasi\u00f3n, un gran pabell\u00f3n cubierto con todas las necesidades para un evento de este tipo. Cuenta con bar en el interior donde poder comer alg\u00fan bocadillo en compa\u00f1\u00eda de nuestros perros y mantener las habituales charlas perrunas con amigos y simpatizantes de la raza.<\/p>\n<p style=\"text-align: justify;\"><a href=\"http:\/\/www.delmassaltet.com\/BLOG\/wp-content\/uploads\/2014\/10\/diptico-2014-trasera_ld.jpg\"><img decoding=\"async\" loading=\"lazy\" class=\"alignright wp-image-423 size-medium\" src=\"http:\/\/www.delmassaltet.com\/BLOG\/wp-content\/uploads\/2014\/10\/diptico-2014-trasera_ld.jpg?w=143\" alt=\"Diptico 2014 Trasera_LD\" width=\"143\" height=\"300\"><\/a>Otro aliciente con el que se cuenta este a\u00f1o es que se van a realizar confirmaciones de raza que, como sab\u00e9is es para ejemplares de m\u00e1s de un a\u00f1o y que ya tienen LOE o RRC y as\u00ed, obtener el apto para la cr\u00eda.<\/p>\n<p style=\"text-align: justify;\">Y seguimos con m\u00e1s, se van a realizar registros iniciales de raza de manera gratuita. El Cerva ha conseguido la subvenci\u00f3n por parte de la RSCE para as\u00ed no cobrar los 40 euros que costar\u00eda cada registro. Por lo tanto, es una gran oportunidad para obtener \u201cpapeles\u201d de los perros que teng\u00e1is sin ellos, eso s\u00ed, el ejemplar pasar\u00e1 un reconocimiento por un juez de la RSCE autorizado para ello y si el perro cumple con el est\u00e1ndar de la raza tendr\u00e1 el RRC.<\/p>\n<p style=\"text-align: justify;\">Por todo ello os aconsejo que no os lo perd\u00e1is, venir a concursar, pasar un rato agradable e<br \/>\ninvitar a todo aquel que quiera conocer nuestra raza.&nbsp; \u00a1\u00a1 Os esperamos!!!<\/p>\n<p style=\"text-align: justify;\">El plazo para inscribir acaba el 12 de octubre, \u00a1\u00a1no llegues tarde!! En la web del Cerva tienes toda la informaci\u00f3n e inscripciones OnLine. \u00a1\u00a1Visitala!!<\/p>\n<p style=\"text-align: justify;\"><a href=\"http:\/\/www.clubratonerovalenciano.com\">www.clubratonerovalenciano.com<\/a><\/p>\n","protected":false},"excerpt":{"rendered":"<p>Nuevamente el Club Espa\u00f1ol del Ratonero Valenciano \u2013 CERVA organiza su Monogr\u00e1fica Nacional del Gos Rater Valenci\u00e0 el d\u00eda 19 de Octubre de 2014 en la localidad de Vila-real (Castell\u00f3n). Este a\u00f1o se cuenta con el aliciente de que el CERVA ya es Club Amigo de la Real Sociedad Canina de Espa\u00f1a por lo que &#8230; <a title=\"II Monogr\u00e1fica Nacional CERVA del Gos Rater Valenci\u00e0\" class=\"read-more\" href=\"http:\/\/www.delmassaltet.com\/BLOG\/2014\/10\/08\/ii-monografica-nacional-cerva-del-gos-rater-valencia\/\" aria-label=\"M\u00e1s en II Monogr\u00e1fica Nacional CERVA del Gos Rater Valenci\u00e0\">Leer m\u00e1s<\/a><\/p>\n","protected":false},"author":1,"featured_media":0,"comment_status":"closed","ping_status":"open","sticky":false,"template":"","format":"standard","meta":{"ngg_post_thumbnail":0},"categories":[2],"tags":[],"_links":{"self":[{"href":"http:\/\/www.delmassaltet.com\/BLOG\/wp-json\/wp\/v2\/posts\/421"}],"collection":[{"href":"http:\/\/www.delmassaltet.com\/BLOG\/wp-json\/wp\/v2\/posts"}],"about":[{"href":"http:\/\/www.delmassaltet.com\/BLOG\/wp-json\/wp\/v2\/types\/post"}],"author":[{"embeddable":true,"href":"http:\/\/www.delmassaltet.com\/BLOG\/wp-json\/wp\/v2\/users\/1"}],"replies":[{"embeddable":true,"href":"http:\/\/www.delmassaltet.com\/BLOG\/wp-json\/wp\/v2\/comments?post=421"}],"version-history":[{"count":1,"href":"http:\/\/www.delmassaltet.com\/BLOG\/wp-json\/wp\/v2\/posts\/421\/revisions"}],"predecessor-version":[{"id":581,"href":"http:\/\/www.delmassaltet.com\/BLOG\/wp-json\/wp\/v2\/posts\/421\/revisions\/581"}],"wp:attachment":[{"href":"http:\/\/www.delmassaltet.com\/BLOG\/wp-json\/wp\/v2\/media?parent=421"}],"wp:term":[{"taxonomy":"category","embeddable":true,"href":"http:\/\/www.delmassaltet.com\/BLOG\/wp-json\/wp\/v2\/categories?post=421"},{"taxonomy":"post_tag","embeddable":true,"href":"http:\/\/www.delmassaltet.com\/BLOG\/wp-json\/wp\/v2\/tags?post=421"}],"curies":[{"name":"wp","href":"https:\/\/api.w.org\/{rel}","templated":true}]}}