{"id":410,"date":"2014-08-30T10:55:16","date_gmt":"2014-08-30T10:55:16","guid":{"rendered":"http:\/\/delmassaltet.wordpress.com\/?p=410"},"modified":"2014-08-30T10:55:16","modified_gmt":"2014-08-30T10:55:16","slug":"macroevento-canino-en-playa-can-gandia","status":"publish","type":"post","link":"http:\/\/www.delmassaltet.com\/BLOG\/2014\/08\/30\/macroevento-canino-en-playa-can-gandia\/","title":{"rendered":"Macroevento Canino en Playa Can (Gandia)"},"content":{"rendered":"<p style=\"text-align:justify;\">El pr\u00f3ximo fin de semana 6 y 7 de Septiembre de 2014 se realiza el acto oficial de inauguraci\u00f3n de la playa para perros Playa-Can (Gandia).<\/p>\n<p style=\"text-align:justify;\"><a href=\"http:\/\/www.delmassaltet.com\/BLOG\/wp-content\/uploads\/2014\/08\/cartel-playa-can.jpg\"><img decoding=\"async\" loading=\"lazy\" class=\"alignnone size-medium wp-image-413\" src=\"http:\/\/www.delmassaltet.com\/BLOG\/wp-content\/uploads\/2014\/08\/cartel-playa-can.jpg?w=199\" alt=\"Cartel Playa Can\" width=\"199\" height=\"300\" srcset=\"http:\/\/www.delmassaltet.com\/BLOG\/wp-content\/uploads\/2014\/08\/cartel-playa-can.jpg 637w, http:\/\/www.delmassaltet.com\/BLOG\/wp-content\/uploads\/2014\/08\/cartel-playa-can-199x300.jpg 199w\" sizes=\"(max-width: 199px) 100vw, 199px\" \/><\/a> <a href=\"http:\/\/www.delmassaltet.com\/BLOG\/wp-content\/uploads\/2014\/08\/cartel-cmpe.jpg\"><img decoding=\"async\" loading=\"lazy\" class=\"alignnone size-medium wp-image-412\" src=\"http:\/\/www.delmassaltet.com\/BLOG\/wp-content\/uploads\/2014\/08\/cartel-cmpe.jpg?w=212\" alt=\"Cartel CMPE\" width=\"212\" height=\"300\" srcset=\"http:\/\/www.delmassaltet.com\/BLOG\/wp-content\/uploads\/2014\/08\/cartel-cmpe.jpg 679w, http:\/\/www.delmassaltet.com\/BLOG\/wp-content\/uploads\/2014\/08\/cartel-cmpe-212x300.jpg 212w\" sizes=\"(max-width: 212px) 100vw, 212px\" \/><\/a> <a href=\"http:\/\/www.delmassaltet.com\/BLOG\/wp-content\/uploads\/2014\/08\/cartel-cerva.jpg\"><img decoding=\"async\" loading=\"lazy\" class=\"alignnone size-medium wp-image-411\" src=\"http:\/\/www.delmassaltet.com\/BLOG\/wp-content\/uploads\/2014\/08\/cartel-cerva.jpg?w=212\" alt=\"Cartel CERVA\" width=\"212\" height=\"300\" srcset=\"http:\/\/www.delmassaltet.com\/BLOG\/wp-content\/uploads\/2014\/08\/cartel-cerva.jpg 566w, http:\/\/www.delmassaltet.com\/BLOG\/wp-content\/uploads\/2014\/08\/cartel-cerva-212x300.jpg 212w\" sizes=\"(max-width: 212px) 100vw, 212px\" \/><\/a><\/p>\n<p style=\"text-align:justify;\"><!--more--><\/p>\n<p style=\"text-align:justify;\">Para ello se van a realizar diversos eventos caninos en la misma playa. El ayuntamiento de Gand\u00eda se ha volcado en ello prestando toda la ayuda necesaria, cubriendo con los gastos. La organizaci\u00f3n est\u00e1 a cargo del CERVA, el CMPE y De Farraj\u00f3n, teniendo como patrocinador oficial a ARION.<\/p>\n<p style=\"text-align:justify;\">Para el s\u00e1bado\u00a06 por\u00a0<span style=\"line-height:1.5;\">la ma\u00f1ana tenemos exhibici\u00f3n de agility y exhibici\u00f3n de la Unidad Cinol\u00f3gica de la Polic\u00eda Militar, para el s\u00e1bado 6 por la tarde dos concursos monogr\u00e1ficos, un concurso monogr\u00e1fico del Gos Rater Valenci\u00e1 organizado por el Club Espa\u00f1ol del Ratonero Valenciano \u2013 CERVA y otro concurso monogr\u00e1fico del Mast\u00edn del Pirineo organizado por el Club del Mast\u00edn del Pirineo de Espa\u00f1a \u2013 delegaci\u00f3n de Valencia.<\/span><\/p>\n<p style=\"text-align:justify;\">Para las inscripciones de los concursos monogr\u00e1ficos ten\u00e9is m\u00e1s informaci\u00f3n en sus webs.<\/p>\n<p style=\"text-align:justify;\">CERVA: www.clubratonerovalenciano.com<\/p>\n<p style=\"text-align:justify;\">CMPE: www.cmpe.es<\/p>\n<p style=\"text-align:justify;\">Para el domingo 7 continuamos con m\u00e1s, un concurso popular canino y una exhibici\u00f3n de rescate con Terranovas a cargo del Club Mare Nostrum.<\/p>\n<p style=\"text-align:justify;\">Todo un fin de semana canino que no te debes perder.<\/p>\n<p style=\"text-align:justify;\">\u00a1\u00a1Acude con tus perros a participar!!<\/p>\n<p>\u00a1\u00a1\u00a1Os esperamos!!!<\/p>\n","protected":false},"excerpt":{"rendered":"<p>El pr\u00f3ximo fin de semana 6 y 7 de Septiembre de 2014 se realiza el acto oficial de inauguraci\u00f3n de la playa para perros Playa-Can (Gandia).<\/p>\n","protected":false},"author":1,"featured_media":0,"comment_status":"closed","ping_status":"open","sticky":false,"template":"","format":"standard","meta":{"ngg_post_thumbnail":0},"categories":[2],"tags":[],"_links":{"self":[{"href":"http:\/\/www.delmassaltet.com\/BLOG\/wp-json\/wp\/v2\/posts\/410"}],"collection":[{"href":"http:\/\/www.delmassaltet.com\/BLOG\/wp-json\/wp\/v2\/posts"}],"about":[{"href":"http:\/\/www.delmassaltet.com\/BLOG\/wp-json\/wp\/v2\/types\/post"}],"author":[{"embeddable":true,"href":"http:\/\/www.delmassaltet.com\/BLOG\/wp-json\/wp\/v2\/users\/1"}],"replies":[{"embeddable":true,"href":"http:\/\/www.delmassaltet.com\/BLOG\/wp-json\/wp\/v2\/comments?post=410"}],"version-history":[{"count":1,"href":"http:\/\/www.delmassaltet.com\/BLOG\/wp-json\/wp\/v2\/posts\/410\/revisions"}],"predecessor-version":[{"id":452,"href":"http:\/\/www.delmassaltet.com\/BLOG\/wp-json\/wp\/v2\/posts\/410\/revisions\/452"}],"wp:attachment":[{"href":"http:\/\/www.delmassaltet.com\/BLOG\/wp-json\/wp\/v2\/media?parent=410"}],"wp:term":[{"taxonomy":"category","embeddable":true,"href":"http:\/\/www.delmassaltet.com\/BLOG\/wp-json\/wp\/v2\/categories?post=410"},{"taxonomy":"post_tag","embeddable":true,"href":"http:\/\/www.delmassaltet.com\/BLOG\/wp-json\/wp\/v2\/tags?post=410"}],"curies":[{"name":"wp","href":"https:\/\/api.w.org\/{rel}","templated":true}]}}