{"id":404,"date":"2014-05-14T19:20:22","date_gmt":"2014-05-14T19:20:22","guid":{"rendered":"http:\/\/delmassaltet.wordpress.com\/?p=404"},"modified":"2014-05-14T19:20:22","modified_gmt":"2014-05-14T19:20:22","slug":"exposiciones-de-castellon-2014-lo-mejor-del-verano","status":"publish","type":"post","link":"http:\/\/www.delmassaltet.com\/BLOG\/2014\/05\/14\/exposiciones-de-castellon-2014-lo-mejor-del-verano\/","title":{"rendered":"Exposiciones de Castell\u00f3n 2014 \u2013 Lo mejor del  verano"},"content":{"rendered":"<p style=\"text-align:justify;\"><a href=\"http:\/\/www.delmassaltet.com\/BLOG\/wp-content\/uploads\/2014\/05\/cartel-castellon.jpg\"><img decoding=\"async\" loading=\"lazy\" class=\"alignleft wp-image-405 size-medium\" src=\"http:\/\/www.delmassaltet.com\/BLOG\/wp-content\/uploads\/2014\/05\/cartel-castellon.jpg?w=202\" alt=\"Cartel Castellon\" width=\"202\" height=\"300\" srcset=\"http:\/\/www.delmassaltet.com\/BLOG\/wp-content\/uploads\/2014\/05\/cartel-castellon.jpg 504w, http:\/\/www.delmassaltet.com\/BLOG\/wp-content\/uploads\/2014\/05\/cartel-castellon-202x300.jpg 202w\" sizes=\"(max-width: 202px) 100vw, 202px\" \/><\/a>Por segundo a\u00f1o consecutivo la Sociedad Canina de Castell\u00f3n organiza sus exposiciones nacional e internacional en un entorno privilegiado tanto para expositores como para sus perros.<\/p>\n<p style=\"text-align:justify;\">El 14 y 15 de Junio de 2014 el \u00a0Recinto de Ferias y Mercados de Castell\u00f3n acoger\u00e1 de nuevo estas dos magnificas exposiciones. \u00bfY porque magnificas?, los que estuvieron el pasado a\u00f1o lo saben bien. El recinto es\u00a0 un pabell\u00f3n con 25.000 m2, con altos techos, grandes zonas para expositores, stands y restauraci\u00f3n, sin olvidar sus 17.000 m2 de parking a escasos metros de los rings.<!--more--><a href=\"http:\/\/www.delmassaltet.com\/BLOG\/wp-content\/uploads\/2014\/05\/recinto-castellon.jpg\"><img decoding=\"async\" loading=\"lazy\" class=\"alignright wp-image-406 size-full\" src=\"http:\/\/www.delmassaltet.com\/BLOG\/wp-content\/uploads\/2014\/05\/recinto-castellon.jpg\" alt=\"Recinto Castellon\" width=\"214\" height=\"250\" \/><\/a><\/p>\n<p style=\"text-align:justify;\">No hay calor, no hay esc\u00e1ndalo de perros, los ladridos al ser un pabell\u00f3n tan grande y abierto lateralmente se diluyen haciendo francamente f\u00e1cil entablar conversaciones en torno a nuestra raza, juicios, etc&#8230;<\/p>\n<p style=\"text-align:justify;\">\nHay un servicio de bar impecable y con precios asequibles, donde poder tomar un bocadillo hecho al momento, de longaniza, chorizo, morcilla, etc\u2026 todo a la brasa. Mesas y sillas con espacios amplios para estar tranquilamente comiendo y descansando un rato.<\/p>\n<p style=\"text-align:justify;\"><a href=\"http:\/\/www.delmassaltet.com\/BLOG\/wp-content\/uploads\/2013\/06\/castellon-2.jpg\"><img decoding=\"async\" loading=\"lazy\" class=\"alignleft wp-image-200 size-medium\" src=\"http:\/\/www.delmassaltet.com\/BLOG\/wp-content\/uploads\/2013\/06\/castellon-2.jpg?w=300\" alt=\"Castellon 2\" width=\"300\" height=\"225\" srcset=\"http:\/\/www.delmassaltet.com\/BLOG\/wp-content\/uploads\/2013\/06\/castellon-2.jpg 800w, http:\/\/www.delmassaltet.com\/BLOG\/wp-content\/uploads\/2013\/06\/castellon-2-300x225.jpg 300w, http:\/\/www.delmassaltet.com\/BLOG\/wp-content\/uploads\/2013\/06\/castellon-2-768x576.jpg 768w\" sizes=\"(max-width: 300px) 100vw, 300px\" \/><\/a>Los rings donde exponer a nuestros ejemplares amplios, zonas donde dejar las jaulas, mesas y dem\u00e1s enseres que siempre llevamos, en resumen, la Sociedad Canina de Castell\u00f3n se vuelca para que el expositor tenga las m\u00e1ximas facilidades, cosa que a veces olvidan otros organizadores.<\/p>\n<p style=\"text-align:justify;\">El parking est\u00e1 al lado del recinto, de hecho es una prolongaci\u00f3n del mismo por lo que no hay ning\u00fan problema con carros, jaulas, remolques, etc&#8230; \u00a1\u00a1Justo al lado!!<\/p>\n<p style=\"text-align:justify;\">Tenemos una gran superficie comercial con zona de restauraci\u00f3n a dos minutos andando donde se puede ir tambi\u00e9n a comprar o comer cualquier cosa. Y para los que vamos los dos d\u00edas \u00a1\u00a1la playa a cinco minutos!!<\/p>\n<p style=\"text-align:justify;\">Por todo esto, si el pasado a\u00f1o estuvisteis estoy convencido que este repetir\u00e9is, a los que no lo conoc\u00e9is todav\u00eda, \u00a1\u00a1animaros!!, vais a pasar un fin de semana magnifico y seguro que quedareis gratamente sorprendidos.<\/p>\n<p style=\"text-align:justify;\">Las inscripciones todav\u00eda est\u00e1n abiertas en: <a href=\"http:\/\/www.lanca.es\">www.lanca.es<\/a><\/p>\n<p style=\"text-align:justify;\"><em>\u00a1\u00a1\u00a1 Nos vemos en Castell\u00f3n!!!\u00a0 \u00a1\u00a1\u00a1animaros!!!<\/em><\/p>\n","protected":false},"excerpt":{"rendered":"<p>Por segundo a\u00f1o consecutivo la Sociedad Canina de Castell\u00f3n organiza sus exposiciones nacional e internacional en un entorno privilegiado tanto para expositores como para sus perros. El 14 y 15 de Junio de 2014 el \u00a0Recinto de Ferias y Mercados de Castell\u00f3n acoger\u00e1 de nuevo estas dos magnificas exposiciones. \u00bfY porque magnificas?, los que estuvieron &#8230; <a title=\"Exposiciones de Castell\u00f3n 2014 \u2013 Lo mejor del  verano\" class=\"read-more\" href=\"http:\/\/www.delmassaltet.com\/BLOG\/2014\/05\/14\/exposiciones-de-castellon-2014-lo-mejor-del-verano\/\" aria-label=\"M\u00e1s en Exposiciones de Castell\u00f3n 2014 \u2013 Lo mejor del  verano\">Leer m\u00e1s<\/a><\/p>\n","protected":false},"author":1,"featured_media":0,"comment_status":"closed","ping_status":"open","sticky":false,"template":"","format":"standard","meta":{"ngg_post_thumbnail":0},"categories":[2],"tags":[10,11,17,30],"_links":{"self":[{"href":"http:\/\/www.delmassaltet.com\/BLOG\/wp-json\/wp\/v2\/posts\/404"}],"collection":[{"href":"http:\/\/www.delmassaltet.com\/BLOG\/wp-json\/wp\/v2\/posts"}],"about":[{"href":"http:\/\/www.delmassaltet.com\/BLOG\/wp-json\/wp\/v2\/types\/post"}],"author":[{"embeddable":true,"href":"http:\/\/www.delmassaltet.com\/BLOG\/wp-json\/wp\/v2\/users\/1"}],"replies":[{"embeddable":true,"href":"http:\/\/www.delmassaltet.com\/BLOG\/wp-json\/wp\/v2\/comments?post=404"}],"version-history":[{"count":0,"href":"http:\/\/www.delmassaltet.com\/BLOG\/wp-json\/wp\/v2\/posts\/404\/revisions"}],"wp:attachment":[{"href":"http:\/\/www.delmassaltet.com\/BLOG\/wp-json\/wp\/v2\/media?parent=404"}],"wp:term":[{"taxonomy":"category","embeddable":true,"href":"http:\/\/www.delmassaltet.com\/BLOG\/wp-json\/wp\/v2\/categories?post=404"},{"taxonomy":"post_tag","embeddable":true,"href":"http:\/\/www.delmassaltet.com\/BLOG\/wp-json\/wp\/v2\/tags?post=404"}],"curies":[{"name":"wp","href":"https:\/\/api.w.org\/{rel}","templated":true}]}}