{"id":376,"date":"2013-09-25T17:03:09","date_gmt":"2013-09-25T17:03:09","guid":{"rendered":"http:\/\/delmassaltet.wordpress.com\/?p=376"},"modified":"2013-09-25T17:03:09","modified_gmt":"2013-09-25T17:03:09","slug":"1a-monografica-cerva-gran-exito","status":"publish","type":"post","link":"http:\/\/www.delmassaltet.com\/BLOG\/2013\/09\/25\/1a-monografica-cerva-gran-exito\/","title":{"rendered":"1\u00aa Monogr\u00e1fica CERVA &#8211; \u00a1\u00a1\u00a1Gran \u00e9xito!!!"},"content":{"rendered":"<p style=\"text-align:justify;\">EL pasado domingo 22 de septiembre de 2013 el Club Espa\u00f1ol del Ratonero Valenciano &#8211; CERVA celebraba su 1\u00aa Monogr\u00e1fica del Gos Rater Valenci\u00e0. Despu\u00e9s de d\u00edas de arduo trabajo por parte de los integrantes de la junta directiva se llegaba al d\u00eda se\u00f1alado con un poco de nerviosismo.<\/p>\n<p style=\"text-align:justify;\"><!--more--><\/p>\n<p style=\"text-align:justify;\">Se hab\u00eda preparado un magnifico pabell\u00f3n cubierto cedido por el Ajuntament de Vila.real, lugar donde se instal\u00f3 un gran ring, podium, bar, stand del club y el stand del patrocinador \u00abNatural Greatness\u00bb. <a href=\"http:\/\/www.delmassaltet.com\/BLOG\/wp-content\/uploads\/2013\/09\/b1grl0747.jpg\"><img decoding=\"async\" loading=\"lazy\" class=\"size-medium wp-image-380 alignright\" alt=\"B1GRL0747\" src=\"http:\/\/www.delmassaltet.com\/BLOG\/wp-content\/uploads\/2013\/09\/b1grl0747.jpg?w=300\" width=\"300\" height=\"200\" srcset=\"http:\/\/www.delmassaltet.com\/BLOG\/wp-content\/uploads\/2013\/09\/b1grl0747.jpg 900w, http:\/\/www.delmassaltet.com\/BLOG\/wp-content\/uploads\/2013\/09\/b1grl0747-300x200.jpg 300w, http:\/\/www.delmassaltet.com\/BLOG\/wp-content\/uploads\/2013\/09\/b1grl0747-768x512.jpg 768w\" sizes=\"(max-width: 300px) 100vw, 300px\" \/><\/a>Las inscripciones hab\u00edan sido de 106 ejemplares en catalogo de 68 propietarios distintos y se prepararon regalos para todos los expositores, ahora solo faltaba que llegara el d\u00eda.<\/p>\n<p style=\"text-align:justify;\">Y el d\u00eda lleg\u00f3, a las 9 horas todo estaba preparado, comenzaban a llegar los expositores con sus perros. Poco a poco el pabell\u00f3n se fue llenando de gente, saludos, entrega de dorsales, fotos, un caf\u00e9 en el bar, charlas, etc&#8230;. y a las 10 H despu\u00e9s de que el presidente del CERVA diera la bienvenida a todos los asistentes dieron comienzo los juicios con la clase muy cachorros macho.<\/p>\n<p style=\"text-align:justify;\">Cada vez hab\u00eda m\u00e1s ambiente, los juicios discurr\u00edan sin demoras, buen hacer de comisarios y jueces, llegaban medios de comunicaci\u00f3n que grabaron todas las finales, hubo entrevistas a cargos del club, a ganadores, a jueces, cargos representativos del Ajuntament de Vila-real hicieron acto de presencia para la entrega de premios, las felicitaciones iban llegando y de verdad, fue un \u00a1\u00a1gran d\u00eda!!, un gran d\u00eda para el \u00abGos Rater Valenci\u00e0\u00bb.<\/p>\n<p style=\"text-align:justify;\"><a href=\"http:\/\/www.delmassaltet.com\/BLOG\/wp-content\/uploads\/2013\/09\/trofeos2.jpg\"><img decoding=\"async\" loading=\"lazy\" class=\"size-medium wp-image-384 alignleft\" alt=\"Trofeos2\" src=\"http:\/\/www.delmassaltet.com\/BLOG\/wp-content\/uploads\/2013\/09\/trofeos2.jpg?w=300\" width=\"300\" height=\"225\" srcset=\"http:\/\/www.delmassaltet.com\/BLOG\/wp-content\/uploads\/2013\/09\/trofeos2.jpg 800w, http:\/\/www.delmassaltet.com\/BLOG\/wp-content\/uploads\/2013\/09\/trofeos2-300x225.jpg 300w, http:\/\/www.delmassaltet.com\/BLOG\/wp-content\/uploads\/2013\/09\/trofeos2-768x576.jpg 768w\" sizes=\"(max-width: 300px) 100vw, 300px\" \/><\/a><\/p>\n<p style=\"text-align:justify;\">Los trofeos excelentes, unos platos de cristal personalizados, \u00fanicos, realizados artesanalmente por MJA Artesania fueron la delicia de los ganadores. La tienda del CERVA donde hab\u00edan detalles del club, correas, collares, polos, etc&#8230; y que a veces estaba hasta \u00ablos topes\u00bb.<\/p>\n<p style=\"text-align:justify;\">El BIS Absoluto fue el ejemplar \u00abRanderos Elsa\u00bb propiedad de Joan Quemades que con tan solo 6 meses de edad gano la 1\u00aa Monogr\u00e1fica CERVA. \u00a1\u00a1 Enhorabuena !!<a href=\"http:\/\/www.delmassaltet.com\/BLOG\/wp-content\/uploads\/2013\/09\/bis.jpg\"><img decoding=\"async\" loading=\"lazy\" class=\"size-medium wp-image-379 alignright\" style=\"margin-top:10px;margin-bottom:10px;\" alt=\"BIS\" src=\"http:\/\/www.delmassaltet.com\/BLOG\/wp-content\/uploads\/2013\/09\/bis.jpg?w=300\" width=\"300\" height=\"225\" srcset=\"http:\/\/www.delmassaltet.com\/BLOG\/wp-content\/uploads\/2013\/09\/bis.jpg 900w, http:\/\/www.delmassaltet.com\/BLOG\/wp-content\/uploads\/2013\/09\/bis-300x225.jpg 300w, http:\/\/www.delmassaltet.com\/BLOG\/wp-content\/uploads\/2013\/09\/bis-768x576.jpg 768w\" sizes=\"(max-width: 300px) 100vw, 300px\" \/><\/a><\/p>\n<p style=\"text-align:justify;\">Para terminar una comida de hermandad donde continuaron las charlas teniendo como protagonista a nuestro Gos Rater Valencia.<\/p>\n<p style=\"text-align:justify;\">Agradecimientos a participantes, amigos, criadores de otras razas que tuvieron a bien venir a apoyar la monogr\u00e1fica, colaboradores, autoridades, a todos, sin ellos no hubiera sido posible.<\/p>\n<p style=\"text-align:justify;\">El Cerva ha puesto el list\u00f3n muy alto y esto ser\u00e1 recordado por muchos como un gran d\u00eda, gran ambiente y gran afici\u00f3n al Rater Valenci\u00e0.<\/p>\n<p style=\"text-align:justify;\">En la web del club http:\/\/www.clubratonerovalenciano,com todas las fotos de los ganadores.<\/p>\n","protected":false},"excerpt":{"rendered":"<p>EL pasado domingo 22 de septiembre de 2013 el Club Espa\u00f1ol del Ratonero Valenciano &#8211; CERVA celebraba su 1\u00aa Monogr\u00e1fica del Gos Rater Valenci\u00e0. Despu\u00e9s de d\u00edas de arduo trabajo por parte de los integrantes de la junta directiva se llegaba al d\u00eda se\u00f1alado con un poco de nerviosismo.<\/p>\n","protected":false},"author":1,"featured_media":0,"comment_status":"closed","ping_status":"open","sticky":false,"template":"","format":"standard","meta":{"ngg_post_thumbnail":0},"categories":[2],"tags":[12,27,33,39],"_links":{"self":[{"href":"http:\/\/www.delmassaltet.com\/BLOG\/wp-json\/wp\/v2\/posts\/376"}],"collection":[{"href":"http:\/\/www.delmassaltet.com\/BLOG\/wp-json\/wp\/v2\/posts"}],"about":[{"href":"http:\/\/www.delmassaltet.com\/BLOG\/wp-json\/wp\/v2\/types\/post"}],"author":[{"embeddable":true,"href":"http:\/\/www.delmassaltet.com\/BLOG\/wp-json\/wp\/v2\/users\/1"}],"replies":[{"embeddable":true,"href":"http:\/\/www.delmassaltet.com\/BLOG\/wp-json\/wp\/v2\/comments?post=376"}],"version-history":[{"count":0,"href":"http:\/\/www.delmassaltet.com\/BLOG\/wp-json\/wp\/v2\/posts\/376\/revisions"}],"wp:attachment":[{"href":"http:\/\/www.delmassaltet.com\/BLOG\/wp-json\/wp\/v2\/media?parent=376"}],"wp:term":[{"taxonomy":"category","embeddable":true,"href":"http:\/\/www.delmassaltet.com\/BLOG\/wp-json\/wp\/v2\/categories?post=376"},{"taxonomy":"post_tag","embeddable":true,"href":"http:\/\/www.delmassaltet.com\/BLOG\/wp-json\/wp\/v2\/tags?post=376"}],"curies":[{"name":"wp","href":"https:\/\/api.w.org\/{rel}","templated":true}]}}