{"id":369,"date":"2013-09-08T19:56:29","date_gmt":"2013-09-08T19:56:29","guid":{"rendered":"https:\/\/delmassaltet.wordpress.com\/?p=369"},"modified":"2019-02-25T10:01:28","modified_gmt":"2019-02-25T09:01:28","slug":"exposiciones-mallorca-2013","status":"publish","type":"post","link":"http:\/\/www.delmassaltet.com\/BLOG\/2013\/09\/08\/exposiciones-mallorca-2013\/","title":{"rendered":"Exposiciones Mallorca 2013"},"content":{"rendered":"<p style=\"text-align: justify;\">Durante el fin de semana del 7 y 8 de Septiembre se han celebrado las exposiciones nacional e internacional de Mallorca. Un excelente recinto al aire libre, totalmente de c\u00e9sped y que el tiempo ha hecho que todo funcionara con normalidad, pues la lluvia solo hizo acto de presencia durante la noche.<\/p>\n<p><a href=\"http:\/\/www.delmassaltet.com\/BLOG\/wp-content\/uploads\/2013\/09\/wpid-img-20130908-wa0000.jpg\"><img decoding=\"async\" loading=\"lazy\" class=\"aligncenter \" title=\"IMG-20130908-WA0000.jpg\" src=\"http:\/\/www.delmassaltet.com\/BLOG\/wp-content\/uploads\/2013\/09\/wpid-img-20130908-wa0000.jpg\" alt=\"image\" width=\"557\" height=\"418\"><\/a><\/p>\n<p><!--more--><\/p>\n<p style=\"text-align: justify;\">Nuestra amiga Carme Sendra estuvo con su perra de agua \u00abValkiria del Massaltet\u00bb para participar en las dos exposiciones.<br \/>\nEl s\u00e1bado en la exposici\u00f3n nacional Valkiria obtuvo el CAC, fue mejor de raza y adem\u00e1s se proclam\u00f3 3 BIS en Razas Espa\u00f1olas.<br \/>\nEl domingo en la exposici\u00f3n internacional Valkiria volvi\u00f3 a obtener el&nbsp; CAC, el CACIB y fue de&nbsp; nuevo mejor de raza. Y para terminar en las finales Valkiria fue 2 mejor del grupo 8 y de nuevo como el d\u00eda anterior 3 BIS de Razas Espa\u00f1olas.<br \/>\nQueremos felicitar a su propietaria y handled Carme Sendra por los \u00e9xitos obtenidos, por su dedicaci\u00f3n, su perseverancia y su buen hacer, \u00a1gracias Carme!.<br \/>\nAhora a por m\u00e1s!!!!!!<\/p>\n","protected":false},"excerpt":{"rendered":"<p>Durante el fin de semana del 7 y 8 de Septiembre se han celebrado las exposiciones nacional e internacional de Mallorca. Un excelente recinto al aire libre, totalmente de c\u00e9sped y que el tiempo ha hecho que todo funcionara con normalidad, pues la lluvia solo hizo acto de presencia durante la noche.<\/p>\n","protected":false},"author":1,"featured_media":0,"comment_status":"closed","ping_status":"open","sticky":false,"template":"","format":"standard","meta":{"ngg_post_thumbnail":0},"categories":[2],"tags":[17,24,41],"_links":{"self":[{"href":"http:\/\/www.delmassaltet.com\/BLOG\/wp-json\/wp\/v2\/posts\/369"}],"collection":[{"href":"http:\/\/www.delmassaltet.com\/BLOG\/wp-json\/wp\/v2\/posts"}],"about":[{"href":"http:\/\/www.delmassaltet.com\/BLOG\/wp-json\/wp\/v2\/types\/post"}],"author":[{"embeddable":true,"href":"http:\/\/www.delmassaltet.com\/BLOG\/wp-json\/wp\/v2\/users\/1"}],"replies":[{"embeddable":true,"href":"http:\/\/www.delmassaltet.com\/BLOG\/wp-json\/wp\/v2\/comments?post=369"}],"version-history":[{"count":2,"href":"http:\/\/www.delmassaltet.com\/BLOG\/wp-json\/wp\/v2\/posts\/369\/revisions"}],"predecessor-version":[{"id":563,"href":"http:\/\/www.delmassaltet.com\/BLOG\/wp-json\/wp\/v2\/posts\/369\/revisions\/563"}],"wp:attachment":[{"href":"http:\/\/www.delmassaltet.com\/BLOG\/wp-json\/wp\/v2\/media?parent=369"}],"wp:term":[{"taxonomy":"category","embeddable":true,"href":"http:\/\/www.delmassaltet.com\/BLOG\/wp-json\/wp\/v2\/categories?post=369"},{"taxonomy":"post_tag","embeddable":true,"href":"http:\/\/www.delmassaltet.com\/BLOG\/wp-json\/wp\/v2\/tags?post=369"}],"curies":[{"name":"wp","href":"https:\/\/api.w.org\/{rel}","templated":true}]}}