{"id":361,"date":"2013-08-24T17:32:30","date_gmt":"2013-08-24T17:32:30","guid":{"rendered":"http:\/\/delmassaltet.wordpress.com\/?p=361"},"modified":"2019-02-25T09:36:11","modified_gmt":"2019-02-25T08:36:11","slug":"del-massaltet-burundi","status":"publish","type":"post","link":"http:\/\/www.delmassaltet.com\/BLOG\/2013\/08\/24\/del-massaltet-burundi\/","title":{"rendered":"Del Massaltet Burundi"},"content":{"rendered":"<p style=\"text-align: justify;\"><a href=\"http:\/\/www.delmassaltet.com\/BLOG\/wp-content\/uploads\/2013\/08\/burundi-16.jpg\"><img decoding=\"async\" loading=\"lazy\" class=\" wp-image-359 alignleft\" src=\"http:\/\/www.delmassaltet.com\/BLOG\/wp-content\/uploads\/2013\/08\/burundi-16.jpg?w=225\" alt=\"Burundi 16\" width=\"135\" height=\"180\" srcset=\"http:\/\/www.delmassaltet.com\/BLOG\/wp-content\/uploads\/2013\/08\/burundi-16.jpg 675w, http:\/\/www.delmassaltet.com\/BLOG\/wp-content\/uploads\/2013\/08\/burundi-16-225x300.jpg 225w\" sizes=\"(max-width: 135px) 100vw, 135px\" \/><\/a>De nuestra \u00faltima camada de Gos Rater Valenci\u00e0 ( Ratonero Valenciano) hemos apostado por quedarnos este cachorrito macho llamado \u00abDel Massaltet Burundi\u00bb confiando en que sea un futuro excelente ejemplar.<\/p>\n<p><!--more--><\/p>\n<p>&nbsp;<\/p>\n<p>En la Monogr\u00e1fica del Cerva a celebrar el d\u00eda 22 de Septiembre de 2013 har\u00e1 su debut en exposiciones.<\/p>\n<p>Aqu\u00ed os pongo algunas fotos de Burundi. \u00a1\u00a1Gracias Gemma por ellas!!<\/p>\n<p>&nbsp;<\/p>\nngg_shortcode_0_placeholder\n","protected":false},"excerpt":{"rendered":"<p>De nuestra \u00faltima camada de Gos Rater Valenci\u00e0 ( Ratonero Valenciano) hemos apostado por quedarnos este cachorrito macho llamado \u00abDel Massaltet Burundi\u00bb confiando en que sea un futuro excelente ejemplar.<\/p>\n","protected":false},"author":1,"featured_media":0,"comment_status":"closed","ping_status":"open","sticky":false,"template":"","format":"standard","meta":{"ngg_post_thumbnail":0},"categories":[2],"tags":[6,14,33],"_links":{"self":[{"href":"http:\/\/www.delmassaltet.com\/BLOG\/wp-json\/wp\/v2\/posts\/361"}],"collection":[{"href":"http:\/\/www.delmassaltet.com\/BLOG\/wp-json\/wp\/v2\/posts"}],"about":[{"href":"http:\/\/www.delmassaltet.com\/BLOG\/wp-json\/wp\/v2\/types\/post"}],"author":[{"embeddable":true,"href":"http:\/\/www.delmassaltet.com\/BLOG\/wp-json\/wp\/v2\/users\/1"}],"replies":[{"embeddable":true,"href":"http:\/\/www.delmassaltet.com\/BLOG\/wp-json\/wp\/v2\/comments?post=361"}],"version-history":[{"count":7,"href":"http:\/\/www.delmassaltet.com\/BLOG\/wp-json\/wp\/v2\/posts\/361\/revisions"}],"predecessor-version":[{"id":532,"href":"http:\/\/www.delmassaltet.com\/BLOG\/wp-json\/wp\/v2\/posts\/361\/revisions\/532"}],"wp:attachment":[{"href":"http:\/\/www.delmassaltet.com\/BLOG\/wp-json\/wp\/v2\/media?parent=361"}],"wp:term":[{"taxonomy":"category","embeddable":true,"href":"http:\/\/www.delmassaltet.com\/BLOG\/wp-json\/wp\/v2\/categories?post=361"},{"taxonomy":"post_tag","embeddable":true,"href":"http:\/\/www.delmassaltet.com\/BLOG\/wp-json\/wp\/v2\/tags?post=361"}],"curies":[{"name":"wp","href":"https:\/\/api.w.org\/{rel}","templated":true}]}}