{"id":317,"date":"2013-08-05T16:59:10","date_gmt":"2013-08-05T16:59:10","guid":{"rendered":"http:\/\/delmassaltet.wordpress.com\/?p=317"},"modified":"2019-02-25T09:59:45","modified_gmt":"2019-02-25T08:59:45","slug":"xxiii-monografica-francesa-slag","status":"publish","type":"post","link":"http:\/\/www.delmassaltet.com\/BLOG\/2013\/08\/05\/xxiii-monografica-francesa-slag\/","title":{"rendered":"XXIII Monogr\u00e1fica francesa SLAG"},"content":{"rendered":"<p style=\"text-align: justify;\"><a href=\"http:\/\/www.delmassaltet.com\/BLOG\/wp-content\/uploads\/2013\/08\/cartel.jpg\"><img decoding=\"async\" loading=\"lazy\" class=\"size-medium wp-image-319 alignleft\" src=\"http:\/\/www.delmassaltet.com\/BLOG\/wp-content\/uploads\/2013\/08\/cartel.jpg?w=300\" alt=\"Cartel\" width=\"300\" height=\"200\" srcset=\"http:\/\/www.delmassaltet.com\/BLOG\/wp-content\/uploads\/2013\/08\/cartel.jpg 900w, http:\/\/www.delmassaltet.com\/BLOG\/wp-content\/uploads\/2013\/08\/cartel-300x200.jpg 300w, http:\/\/www.delmassaltet.com\/BLOG\/wp-content\/uploads\/2013\/08\/cartel-768x512.jpg 768w\" sizes=\"(max-width: 300px) 100vw, 300px\" \/><\/a>El pasado 20 de Julio de 2013 estuvimos en la 23 Monogr\u00e1fica nacional de Cr\u00eda organizada por el SLAG en la localidad de Roullet (Francia), con nuestro Podenco Ibicenco CH. Tundra D&#8217;Antrilles.<\/p>\n<p style=\"text-align: justify;\">Este club franc\u00e9s SLAG a\u00fana las razas Azawakh, Cirneco, Galgo, Pharaon, Podencos y Sloughi poniendo en juego el CAC de la Sociedad Canina Francesa.<\/p>\n<p style=\"text-align: justify;\"><!--more--><\/p>\n<p style=\"text-align: justify;\">Pues nada, como no podemos estar parados y descansar un poco all\u00ed que nos fuimos junto con nuestros amigos Gemma y Jose (Randeros), Miguel y Nela (Rayma), Montse y Jaime (D&#8217;Antrilles) y nosotros M\u00aaJos\u00e9 y Juanjo (Del Massaltet). En total 4 Galgos Espa\u00f1oles, 3 Podencos Ibicencos y como no Randeros Joia, una raterita valenciana de Montse y Jaime que ya se ha recorrido medio mundo haci\u00e9ndonos compa\u00f1\u00eda.<\/p>\n<p style=\"text-align: justify;\"><a href=\"http:\/\/www.delmassaltet.com\/BLOG\/wp-content\/uploads\/2013\/08\/todos1.jpg\"><img decoding=\"async\" loading=\"lazy\" class=\"size-medium wp-image-323 alignleft\" src=\"http:\/\/www.delmassaltet.com\/BLOG\/wp-content\/uploads\/2013\/08\/todos1.jpg?w=300\" alt=\"Todos1\" width=\"300\" height=\"200\" srcset=\"http:\/\/www.delmassaltet.com\/BLOG\/wp-content\/uploads\/2013\/08\/todos1.jpg 900w, http:\/\/www.delmassaltet.com\/BLOG\/wp-content\/uploads\/2013\/08\/todos1-300x200.jpg 300w, http:\/\/www.delmassaltet.com\/BLOG\/wp-content\/uploads\/2013\/08\/todos1-768x512.jpg 768w\" sizes=\"(max-width: 300px) 100vw, 300px\" \/><\/a>Llegamos el viernes 19 por la tarde despu\u00e9s de un cansado viaje en furgoneta, casi 1000 Km y mucho calor por el camino. Al llegar nos estaba esperando el hotel y su aire acondicionado que nos supo a gloria. Por cierto toda la intendencia a cargo de Gemma y que resulto fant\u00e1stica. Dejamos maletas, una ducha y como no a buscar un buen sitio para cenar y disfrutar de la compa\u00f1\u00eda. La verdad es que Roullet es un pueblecito muy peque\u00f1o y solo encontramos una pizzeria donde poder reponer nuestras fuerzas.<\/p>\n<p style=\"text-align: justify;\">El s\u00e1bado por la ma\u00f1ana d\u00eda de la monogr\u00e1fica nos despertamos con un buen desayuno servido en la terraza de la habitaci\u00f3n para acto seguido irnos a la zona donde se desarrollar\u00edan los juicios, \u00a1\u00a1que placer!!, la zona de la exposici\u00f3n a escasos metros de la habitaci\u00f3n. El lugar, una zona verde al aire libre, con amplios rings, preciosa, el \u00fanico problema es que ese fin de semana una ola de calor hacia que las temperaturas llegar\u00e1n a los 40 grados y por momentos fue insoportable.<\/p>\n<p style=\"text-align: justify;\">Los juicios, bueno, cada vez que presentabamos un ejemplar este ganaba, \u00a1\u00a1que m\u00e1s se puede<a href=\"http:\/\/www.delmassaltet.com\/BLOG\/wp-content\/uploads\/2013\/08\/grupo.jpg\"><img decoding=\"async\" loading=\"lazy\" class=\"size-medium wp-image-321 alignright\" src=\"http:\/\/www.delmassaltet.com\/BLOG\/wp-content\/uploads\/2013\/08\/grupo.jpg?w=300\" alt=\"Grupo\" width=\"300\" height=\"200\" srcset=\"http:\/\/www.delmassaltet.com\/BLOG\/wp-content\/uploads\/2013\/08\/grupo.jpg 900w, http:\/\/www.delmassaltet.com\/BLOG\/wp-content\/uploads\/2013\/08\/grupo-300x200.jpg 300w, http:\/\/www.delmassaltet.com\/BLOG\/wp-content\/uploads\/2013\/08\/grupo-768x512.jpg 768w\" sizes=\"(max-width: 300px) 100vw, 300px\" \/><\/a> pedir!!. La verdad es que la calidad de nuestros ejemplares contrastaba bastante con lo que all\u00ed se ve\u00eda, hay mucha afici\u00f3n al galgo espa\u00f1ol, al podenco ibicenco, etc, &nbsp;poco a poco ir\u00e1n mejorando, hay buenos ejemplares y seguro que en corto periodo de tiempo lograr\u00e1n mejores resultados en la cr\u00eda.<\/p>\n<p style=\"text-align: justify;\">Agradecemos a la organizaci\u00f3n el buen trato recibido, que adem\u00e1s, nos agradecieron tanto jueces como la organizaci\u00f3n que hubi\u00e9ramos llevado nuestros ejemplares y haber participado en su monogr\u00e1fica.<\/p>\n<p style=\"text-align: justify;\">Acabamos el d\u00eda bastante cansados tanto perros como nosotros, el calor fue insoportable pero al final vali\u00f3 la pena. Por la noche de nuevo a la pizzeria a celebrar los triunfos, risas, charlas, en resumen gran armon\u00eda y amistad, que esperamos siga por mucho tiempo.<\/p>\n<p style=\"text-align: justify;\">El domingo de regreso, cansados, exhaustos pero contentos, de nuevo mucho calor y muchos kil\u00f3metros, pero entre risas y charlas llegamos a casa.<\/p>\n<p style=\"text-align: justify;\">\u00a1\u00a1Hasta la pr\u00f3xima Francia!!<\/p>\nngg_shortcode_0_placeholder\n","protected":false},"excerpt":{"rendered":"<p>El pasado 20 de Julio de 2013 estuvimos en la 23 Monogr\u00e1fica nacional de Cr\u00eda organizada por el SLAG en la localidad de Roullet (Francia), con nuestro Podenco Ibicenco CH. Tundra D&#8217;Antrilles. Este club franc\u00e9s SLAG a\u00fana las razas Azawakh, Cirneco, Galgo, Pharaon, Podencos y Sloughi poniendo en juego el CAC de la Sociedad Canina &#8230; <a title=\"XXIII Monogr\u00e1fica francesa SLAG\" class=\"read-more\" href=\"http:\/\/www.delmassaltet.com\/BLOG\/2013\/08\/05\/xxiii-monografica-francesa-slag\/\" aria-label=\"M\u00e1s en XXIII Monogr\u00e1fica francesa SLAG\">Leer m\u00e1s<\/a><\/p>\n","protected":false},"author":1,"featured_media":0,"comment_status":"closed","ping_status":"open","sticky":false,"template":"","format":"standard","meta":{"ngg_post_thumbnail":0},"categories":[2],"tags":[19,20,23,31,38],"_links":{"self":[{"href":"http:\/\/www.delmassaltet.com\/BLOG\/wp-json\/wp\/v2\/posts\/317"}],"collection":[{"href":"http:\/\/www.delmassaltet.com\/BLOG\/wp-json\/wp\/v2\/posts"}],"about":[{"href":"http:\/\/www.delmassaltet.com\/BLOG\/wp-json\/wp\/v2\/types\/post"}],"author":[{"embeddable":true,"href":"http:\/\/www.delmassaltet.com\/BLOG\/wp-json\/wp\/v2\/users\/1"}],"replies":[{"embeddable":true,"href":"http:\/\/www.delmassaltet.com\/BLOG\/wp-json\/wp\/v2\/comments?post=317"}],"version-history":[{"count":2,"href":"http:\/\/www.delmassaltet.com\/BLOG\/wp-json\/wp\/v2\/posts\/317\/revisions"}],"predecessor-version":[{"id":561,"href":"http:\/\/www.delmassaltet.com\/BLOG\/wp-json\/wp\/v2\/posts\/317\/revisions\/561"}],"wp:attachment":[{"href":"http:\/\/www.delmassaltet.com\/BLOG\/wp-json\/wp\/v2\/media?parent=317"}],"wp:term":[{"taxonomy":"category","embeddable":true,"href":"http:\/\/www.delmassaltet.com\/BLOG\/wp-json\/wp\/v2\/categories?post=317"},{"taxonomy":"post_tag","embeddable":true,"href":"http:\/\/www.delmassaltet.com\/BLOG\/wp-json\/wp\/v2\/tags?post=317"}],"curies":[{"name":"wp","href":"https:\/\/api.w.org\/{rel}","templated":true}]}}