{"id":209,"date":"2013-06-24T20:08:40","date_gmt":"2013-06-24T20:08:40","guid":{"rendered":"http:\/\/delmassaltet.wordpress.com\/?p=209"},"modified":"2013-06-24T20:08:40","modified_gmt":"2013-06-24T20:08:40","slug":"i-concurso-canino-de-moncada","status":"publish","type":"post","link":"http:\/\/www.delmassaltet.com\/BLOG\/2013\/06\/24\/i-concurso-canino-de-moncada\/","title":{"rendered":"I Concurso Canino de Moncada"},"content":{"rendered":"<p style=\"text-align:justify;\">La Sociedad Valenciana para el Fomento de las Razas Caninas (SVFRC) organizaba el d\u00eda 23 de Junio de 2013 el I Concurso Nacional Canino de Moncada. Como en la mayor\u00eda de ocasiones all\u00ed que nos fuimos para pasar una agradable ma\u00f1ana en compa\u00f1\u00eda de amigos y perros. <a href=\"http:\/\/www.delmassaltet.com\/BLOG\/wp-content\/uploads\/2013\/06\/moncada-6.jpg\"><img decoding=\"async\" loading=\"lazy\" class=\"size-medium wp-image-216 alignleft\" alt=\"Moncada 6\" src=\"http:\/\/www.delmassaltet.com\/BLOG\/wp-content\/uploads\/2013\/06\/moncada-6.jpg?w=300\" width=\"300\" height=\"210\" srcset=\"http:\/\/www.delmassaltet.com\/BLOG\/wp-content\/uploads\/2013\/06\/moncada-6.jpg 820w, http:\/\/www.delmassaltet.com\/BLOG\/wp-content\/uploads\/2013\/06\/moncada-6-300x210.jpg 300w, http:\/\/www.delmassaltet.com\/BLOG\/wp-content\/uploads\/2013\/06\/moncada-6-768x539.jpg 768w\" sizes=\"(max-width: 300px) 100vw, 300px\" \/><\/a>En este caso los integrantes del CERVA (Club Espa\u00f1ol del Ratonero Valenciano) hab\u00edamos convenido el encontrarnos all\u00ed para presentar nuestros ejemplares, as\u00ed que esta vez llev\u00e1bamos a nuestros raters.\u00a0<span style=\"line-height:1.5;\">El Rater Valenci\u00e1 fue la raza m\u00e1s numerosa del concurso, se consigui\u00f3 la participaci\u00f3n de 14 ejemplares, 10 de ellos pertenecientes a socios del CERVA.<\/span><\/p>\n<p style=\"text-align:justify;\"><!--more--><\/p>\n<p style=\"text-align:justify;\">Como no, lo primero \u00a0despu\u00e9s de hacer las inscripciones de nuestros ejemplares era el proceder a dar buena cuenta de un suculento almuerzo, charlas, risas y fotos.<\/p>\n<p style=\"text-align:justify;\"><a href=\"http:\/\/www.delmassaltet.com\/BLOG\/wp-content\/uploads\/2013\/06\/moncada-1.jpg\"><img decoding=\"async\" loading=\"lazy\" class=\" wp-image-211 alignright\" alt=\"Moncada 1\" src=\"http:\/\/www.delmassaltet.com\/BLOG\/wp-content\/uploads\/2013\/06\/moncada-1.jpg?w=300\" width=\"300\" height=\"199\" srcset=\"http:\/\/www.delmassaltet.com\/BLOG\/wp-content\/uploads\/2013\/06\/moncada-1.jpg 800w, http:\/\/www.delmassaltet.com\/BLOG\/wp-content\/uploads\/2013\/06\/moncada-1-300x200.jpg 300w, http:\/\/www.delmassaltet.com\/BLOG\/wp-content\/uploads\/2013\/06\/moncada-1-768x512.jpg 768w\" sizes=\"(max-width: 300px) 100vw, 300px\" \/><\/a><\/p>\n<p style=\"text-align:justify;\">Para la ocasi\u00f3n los socios del CERVA estren\u00e1bamos los polos oficiales del club, polo de color negro con el logo bordado y muy elegante.<a href=\"http:\/\/www.delmassaltet.com\/BLOG\/wp-content\/uploads\/2013\/06\/moncada-3.jpg\"><img decoding=\"async\" loading=\"lazy\" class=\" wp-image-213 alignleft\" alt=\"Moncada 3\" src=\"http:\/\/www.delmassaltet.com\/BLOG\/wp-content\/uploads\/2013\/06\/moncada-3.jpg?w=300\" width=\"300\" height=\"199\" srcset=\"http:\/\/www.delmassaltet.com\/BLOG\/wp-content\/uploads\/2013\/06\/moncada-3.jpg 800w, http:\/\/www.delmassaltet.com\/BLOG\/wp-content\/uploads\/2013\/06\/moncada-3-300x200.jpg 300w, http:\/\/www.delmassaltet.com\/BLOG\/wp-content\/uploads\/2013\/06\/moncada-3-768x512.jpg 768w\" sizes=\"(max-width: 300px) 100vw, 300px\" \/><\/a><\/p>\n<p style=\"text-align:justify;\">Nosotros present\u00e1bamos a Del Massaltet Arab\u00ed que se proclamar\u00eda Mejor de Raza y 3\u00ba BIS en Razas Espa\u00f1olas.<\/p>\n<p style=\"text-align:justify;\">Nuestros amigos Gemma, Jose, Joan, Crist\u00f3bal, Pepe, Manolo, Lola, Carme, unos presentando, otros de fot\u00f3grafos, otros las dos cosas, pero todos obtuvieron excelentes resultados, unos por los perros y otros por las magnificas fotos que nos hacen, \u00a1\u00a1que har\u00edamos sin ellos!!!<a href=\"http:\/\/www.delmassaltet.com\/BLOG\/wp-content\/uploads\/2013\/06\/moncada-5.jpg\"><img decoding=\"async\" loading=\"lazy\" class=\"size-medium wp-image-215 alignright\" alt=\"Moncada 5\" src=\"http:\/\/www.delmassaltet.com\/BLOG\/wp-content\/uploads\/2013\/06\/moncada-5.jpg?w=300\" width=\"300\" height=\"172\" srcset=\"http:\/\/www.delmassaltet.com\/BLOG\/wp-content\/uploads\/2013\/06\/moncada-5.jpg 846w, http:\/\/www.delmassaltet.com\/BLOG\/wp-content\/uploads\/2013\/06\/moncada-5-300x172.jpg 300w, http:\/\/www.delmassaltet.com\/BLOG\/wp-content\/uploads\/2013\/06\/moncada-5-768x441.jpg 768w\" sizes=\"(max-width: 300px) 100vw, 300px\" \/><\/a><\/p>\n<p style=\"text-align:justify;\">Una vez terminado el concurso que \u00edbamos a hacer?, pues irnos a comer y seguir hablando de perros, nuevos cruces, nuevos cachorros, etc, etc, etc&#8230;&#8230;. \u00a0un gran d\u00eda!!!!!<\/p>\n","protected":false},"excerpt":{"rendered":"<p>La Sociedad Valenciana para el Fomento de las Razas Caninas (SVFRC) organizaba el d\u00eda 23 de Junio de 2013 el I Concurso Nacional Canino de Moncada. Como en la mayor\u00eda de ocasiones all\u00ed que nos fuimos para pasar una agradable ma\u00f1ana en compa\u00f1\u00eda de amigos y perros. En este caso los integrantes del CERVA (Club &#8230; <a title=\"I Concurso Canino de Moncada\" class=\"read-more\" href=\"http:\/\/www.delmassaltet.com\/BLOG\/2013\/06\/24\/i-concurso-canino-de-moncada\/\" aria-label=\"M\u00e1s en I Concurso Canino de Moncada\">Leer m\u00e1s<\/a><\/p>\n","protected":false},"author":1,"featured_media":0,"comment_status":"closed","ping_status":"open","sticky":false,"template":"","format":"standard","meta":{"ngg_post_thumbnail":0},"categories":[2],"tags":[12,13,26],"_links":{"self":[{"href":"http:\/\/www.delmassaltet.com\/BLOG\/wp-json\/wp\/v2\/posts\/209"}],"collection":[{"href":"http:\/\/www.delmassaltet.com\/BLOG\/wp-json\/wp\/v2\/posts"}],"about":[{"href":"http:\/\/www.delmassaltet.com\/BLOG\/wp-json\/wp\/v2\/types\/post"}],"author":[{"embeddable":true,"href":"http:\/\/www.delmassaltet.com\/BLOG\/wp-json\/wp\/v2\/users\/1"}],"replies":[{"embeddable":true,"href":"http:\/\/www.delmassaltet.com\/BLOG\/wp-json\/wp\/v2\/comments?post=209"}],"version-history":[{"count":0,"href":"http:\/\/www.delmassaltet.com\/BLOG\/wp-json\/wp\/v2\/posts\/209\/revisions"}],"wp:attachment":[{"href":"http:\/\/www.delmassaltet.com\/BLOG\/wp-json\/wp\/v2\/media?parent=209"}],"wp:term":[{"taxonomy":"category","embeddable":true,"href":"http:\/\/www.delmassaltet.com\/BLOG\/wp-json\/wp\/v2\/categories?post=209"},{"taxonomy":"post_tag","embeddable":true,"href":"http:\/\/www.delmassaltet.com\/BLOG\/wp-json\/wp\/v2\/tags?post=209"}],"curies":[{"name":"wp","href":"https:\/\/api.w.org\/{rel}","templated":true}]}}