{"id":197,"date":"2013-06-18T17:02:49","date_gmt":"2013-06-18T17:02:49","guid":{"rendered":"http:\/\/delmassaltet.wordpress.com\/?p=197"},"modified":"2013-06-18T17:02:49","modified_gmt":"2013-06-18T17:02:49","slug":"castellon-2013-cronica-de-una-exposicion","status":"publish","type":"post","link":"http:\/\/www.delmassaltet.com\/BLOG\/2013\/06\/18\/castellon-2013-cronica-de-una-exposicion\/","title":{"rendered":"Castell\u00f3n 2013 &#8211; Cr\u00f3nica de una exposici\u00f3n"},"content":{"rendered":"<p style=\"text-align:justify;\">De vuelta de las exposiciones caninas celebradas en Castell\u00f3n los d\u00edas 15 y 16 de Junio de 2013 solo hay comentarios agradables de lo que han sido estos dos eventos.<\/p>\n<p style=\"text-align:justify;\">El s\u00e1bado 15\/06 se celebraba la Exposici\u00f3n Nacional Canina y adem\u00e1s ten\u00edamos nuestra XXX Monogr\u00e1fica del Podenco Ibicenco que, como secretario del Club AEPI organiz\u00e1bamos en el mismo lugar.<\/p>\n<p style=\"text-align:justify;\"><!--more--><\/p>\n<p style=\"text-align:justify;\"><a href=\"http:\/\/www.delmassaltet.com\/BLOG\/wp-content\/uploads\/2013\/06\/castellon-2.jpg\"><img decoding=\"async\" loading=\"lazy\" class=\"size-medium wp-image-200 alignleft\" alt=\"Castellon 2\" src=\"http:\/\/www.delmassaltet.com\/BLOG\/wp-content\/uploads\/2013\/06\/castellon-2.jpg?w=300\" width=\"300\" height=\"225\" srcset=\"http:\/\/www.delmassaltet.com\/BLOG\/wp-content\/uploads\/2013\/06\/castellon-2.jpg 800w, http:\/\/www.delmassaltet.com\/BLOG\/wp-content\/uploads\/2013\/06\/castellon-2-300x225.jpg 300w, http:\/\/www.delmassaltet.com\/BLOG\/wp-content\/uploads\/2013\/06\/castellon-2-768x576.jpg 768w\" sizes=\"(max-width: 300px) 100vw, 300px\" \/><\/a>Al llegar nos encontramos con el maravilloso pabell\u00f3n donde este a\u00f1o la Sociedad Canina de Castell\u00f3n celebraba las exposiciones. \u00a1\u00a1\u00a1\u00a1Que lujo!!!!. Un enorme recinto, con rings amplios, grandes zonas para que los expositores pudieran poner sus jaulas, mesas y dem\u00e1s enseres, un parking enorme y a pie de los rings, much\u00edsima luz natural y como adem\u00e1s, no tiene paredes, los fumadores pod\u00edan encender sus pitillos sin problemas. Con el calor que hacia fuera del recinto nosotros ni los perros nos dimos cuenta de ello, corr\u00eda una brisa que ven\u00eda de la mar maravillosa, los perros casi no ladraban, ni se o\u00edan, no estaban estresados dentro de un recinto cerrado que resuena al primer ladrido. <a href=\"http:\/\/www.delmassaltet.com\/BLOG\/wp-content\/uploads\/2013\/06\/castellon-1.jpg\"><img decoding=\"async\" loading=\"lazy\" class=\"size-medium wp-image-199 alignright\" alt=\"Castellon 1\" src=\"http:\/\/www.delmassaltet.com\/BLOG\/wp-content\/uploads\/2013\/06\/castellon-1.jpg?w=300\" width=\"300\" height=\"225\" srcset=\"http:\/\/www.delmassaltet.com\/BLOG\/wp-content\/uploads\/2013\/06\/castellon-1.jpg 800w, http:\/\/www.delmassaltet.com\/BLOG\/wp-content\/uploads\/2013\/06\/castellon-1-300x225.jpg 300w, http:\/\/www.delmassaltet.com\/BLOG\/wp-content\/uploads\/2013\/06\/castellon-1-768x576.jpg 768w\" sizes=\"(max-width: 300px) 100vw, 300px\" \/><\/a>La gente a\u00fan cuando hab\u00edan terminado sus juicios se quedaba de tertulia sin prisas para irse. El ring principal para las finales grand\u00edsimo, la organizaci\u00f3n genial, sin esperas, a las 18:30H hab\u00edan terminado las finales y la gente pod\u00eda irse a casa a una hora prudente.<\/p>\n<p style=\"text-align:justify;\">Menci\u00f3n especial el bar montado donde ten\u00edamos bocadillos de longanizas, chorizos, morcillas, panceta, etc., todo cocinado a la parrilla y lo mejor con precios de calle y no de \u201crecinto ferial\u201d como pasa en muchas exposiciones. Sillas y mesas donde sentarse a comerse el bocadillo, la cerveza, el caf\u00e9, charlar, etc.<\/p>\n<p style=\"text-align:justify;\">Los comentarios de la gente todos positivos, por el lugar, por la organizaci\u00f3n, por todo, felicitaciones para la canina, que el pr\u00f3ximo a\u00f1o volver\u00e1n, etc, etc\u2026.<\/p>\n<p style=\"text-align:justify;\"><a href=\"http:\/\/www.delmassaltet.com\/BLOG\/wp-content\/uploads\/2013\/06\/del-massaltet-arabi-valencia.jpg\"><img decoding=\"async\" loading=\"lazy\" class=\"size-medium wp-image-198 alignleft\" alt=\"Del Massaltet Arabi Valencia\" src=\"http:\/\/www.delmassaltet.com\/BLOG\/wp-content\/uploads\/2013\/06\/del-massaltet-arabi-valencia.jpg?w=300\" width=\"300\" height=\"187\" srcset=\"http:\/\/www.delmassaltet.com\/BLOG\/wp-content\/uploads\/2013\/06\/del-massaltet-arabi-valencia.jpg 960w, http:\/\/www.delmassaltet.com\/BLOG\/wp-content\/uploads\/2013\/06\/del-massaltet-arabi-valencia-300x187.jpg 300w, http:\/\/www.delmassaltet.com\/BLOG\/wp-content\/uploads\/2013\/06\/del-massaltet-arabi-valencia-768x479.jpg 768w\" sizes=\"(max-width: 300px) 100vw, 300px\" \/><\/a>A nosotros como expositores, nuestra Ratonera Valenciana Del Massaltet Arab\u00ed obtuvo el CAC que le faltaba para proclamarse Campeona de Espa\u00f1a (ph). Nuestra primera camada de Rater Valenci\u00e0 y ya tenemos una campeona en casa, la cosa va bien. En Perro de Agua Espa\u00f1ol Valkiria del Massaltet propiedad de Carme Sendra fue EXC 1\u00aa en Intermedia Hembra y \u00danica del Massaltet EXC 3\u00aa en Abierta Hembra.<\/p>\n<p style=\"text-align:justify;\">Por la tarde tuvimos la Monogr\u00e1fica del Podenco Ibicenco, 37 ejemplares inscritos, un lujo para esta raza donde los cazadores que son los que tienen muchos ejemplares no est\u00e1n por la labor de presentarlos en exposiciones y solo alguno en concreto lo hacen. Es el sino de la raza pero los que estuvieron se lo pasaron genial. <a href=\"http:\/\/www.delmassaltet.com\/BLOG\/wp-content\/uploads\/2013\/06\/trofeo-aepi.jpg\"><img decoding=\"async\" loading=\"lazy\" class=\" wp-image-202 alignleft\" alt=\"Trofeo AEPI\" src=\"http:\/\/www.delmassaltet.com\/BLOG\/wp-content\/uploads\/2013\/06\/trofeo-aepi.jpg?w=300\" width=\"300\" height=\"300\" srcset=\"http:\/\/www.delmassaltet.com\/BLOG\/wp-content\/uploads\/2013\/06\/trofeo-aepi.jpg 800w, http:\/\/www.delmassaltet.com\/BLOG\/wp-content\/uploads\/2013\/06\/trofeo-aepi-150x150.jpg 150w, http:\/\/www.delmassaltet.com\/BLOG\/wp-content\/uploads\/2013\/06\/trofeo-aepi-300x300.jpg 300w, http:\/\/www.delmassaltet.com\/BLOG\/wp-content\/uploads\/2013\/06\/trofeo-aepi-768x766.jpg 768w\" sizes=\"(max-width: 300px) 100vw, 300px\" \/><\/a>Los trofeos que se entregaron realizados por MJA Artesan\u00eda realizados a mano, todo artesanal y \u00fanicos fueron maravillosos. Acabamos tarde pero con todo el trabajo bien hecho. El ganador este a\u00f1o de la monogr\u00e1fica del Podenco Ibicenco el ejemplar de pelo corto \u201cBolero D\u2019Antrilles\u201d propiedad de Montse Rovira y Jaime Veral (D\u2019Antrilles), que decir espect\u00e1culo puro.<\/p>\n<p style=\"text-align:justify;\">El domingo 16\/06 se celebraba la Exposici\u00f3n Internacional Canina, en ella, nuestra Ratonera Valenciana Del Massaltet Arab\u00ec volvi\u00f3 a conseguir el CAC y fue Mejor de Raza, as\u00ed que por la tarde estuvimos en las finales del grupo 3 y de Razas Espa\u00f1olas. En Perro de Agua Espa\u00f1ol tuvimos los mismos resultados del d\u00eda anterior, Valkiria del Massaltet propiedad de Carme Sendra fue EXC 1\u00aa en Intermedia Hembra y \u00danica del Massaltet EXC 3\u00aa en Abierta Hembra.<\/p>\n<p style=\"text-align:justify;\">Nos reunimos bastantes amigos del Rater Valenci\u00e0 y del CERVA en torno al ring donde se juzgaba la raza, preparando y organizando nuevos eventos donde el Rater sea la estrella. Ya estuvimos quedando para el pr\u00f3ximo domingo 23\/06 para ir a un concurso en Moncada (Valencia), lo suyo es no parar.<\/p>\n<p style=\"text-align:justify;\">\n<p style=\"text-align:justify;\">Las finales y debido a la gran organizaci\u00f3n terminaron a las 18 H, cosa que agradeci\u00f3 mucho la gente que tenia viaje largo de vuelta a casa. Con esto terminaron estas dos grand\u00edsimas exposiciones de Castell\u00f3n.<\/p>\n<p style=\"text-align:justify;\">\n<p style=\"text-align:justify;\">Quiero desde aqu\u00ed felicitar muy efusivamente a todos los integrantes de la Sociedad Canina de Castell\u00f3n por su gran esfuerzo realizado para que estas dos exposiciones hayan salido perfectas, y mejor a\u00fan, que la gente que ha participado en ellas haya dado sus felicitaciones por el recinto, organizaci\u00f3n, etc, etc\u2026.<\/p>\n<p style=\"text-align:justify;\">Es un lujo hoy en d\u00eda tener este trato al expositor. Ojala otras exposiciones tomen buena nota. Desde hoy las exposiciones de Castell\u00f3n van a ser referencia en el circuito de las exposiciones.<\/p>\n<p style=\"text-align:justify;\">A Joan Quemades menci\u00f3n especial, se ha volcado en todo, d\u00edas sin dormir, carreras, prisas, agobios, todo, pero al final\u2026\u2026\u2026\u2026\u2026.\u00a1\u00a1\u00a1\u00a1\u00a1Enhorabuena!!!!!<\/p>\n<p style=\"text-align:justify;\">Os esperamos a todos el pr\u00f3ximo a\u00f1o, ser\u00e1 igual o\u2026\u2026 quiz\u00e1s hasta mejor!!!!!!<\/p>\n<p style=\"text-align:justify;\">\u00a1\u00a1\u00a1Nos vemos!!!!<\/p>\n<p style=\"text-align:justify;\">\n<p style=\"text-align:justify;\">\n","protected":false},"excerpt":{"rendered":"<p>De vuelta de las exposiciones caninas celebradas en Castell\u00f3n los d\u00edas 15 y 16 de Junio de 2013 solo hay comentarios agradables de lo que han sido estos dos eventos. El s\u00e1bado 15\/06 se celebraba la Exposici\u00f3n Nacional Canina y adem\u00e1s ten\u00edamos nuestra XXX Monogr\u00e1fica del Podenco Ibicenco que, como secretario del Club AEPI organiz\u00e1bamos &#8230; <a title=\"Castell\u00f3n 2013 &#8211; Cr\u00f3nica de una exposici\u00f3n\" class=\"read-more\" href=\"http:\/\/www.delmassaltet.com\/BLOG\/2013\/06\/18\/castellon-2013-cronica-de-una-exposicion\/\" aria-label=\"M\u00e1s en Castell\u00f3n 2013 &#8211; Cr\u00f3nica de una exposici\u00f3n\">Leer m\u00e1s<\/a><\/p>\n","protected":false},"author":1,"featured_media":0,"comment_status":"closed","ping_status":"open","sticky":false,"template":"","format":"standard","meta":{"ngg_post_thumbnail":0},"categories":[2],"tags":[10,11,12,17,34],"_links":{"self":[{"href":"http:\/\/www.delmassaltet.com\/BLOG\/wp-json\/wp\/v2\/posts\/197"}],"collection":[{"href":"http:\/\/www.delmassaltet.com\/BLOG\/wp-json\/wp\/v2\/posts"}],"about":[{"href":"http:\/\/www.delmassaltet.com\/BLOG\/wp-json\/wp\/v2\/types\/post"}],"author":[{"embeddable":true,"href":"http:\/\/www.delmassaltet.com\/BLOG\/wp-json\/wp\/v2\/users\/1"}],"replies":[{"embeddable":true,"href":"http:\/\/www.delmassaltet.com\/BLOG\/wp-json\/wp\/v2\/comments?post=197"}],"version-history":[{"count":0,"href":"http:\/\/www.delmassaltet.com\/BLOG\/wp-json\/wp\/v2\/posts\/197\/revisions"}],"wp:attachment":[{"href":"http:\/\/www.delmassaltet.com\/BLOG\/wp-json\/wp\/v2\/media?parent=197"}],"wp:term":[{"taxonomy":"category","embeddable":true,"href":"http:\/\/www.delmassaltet.com\/BLOG\/wp-json\/wp\/v2\/categories?post=197"},{"taxonomy":"post_tag","embeddable":true,"href":"http:\/\/www.delmassaltet.com\/BLOG\/wp-json\/wp\/v2\/tags?post=197"}],"curies":[{"name":"wp","href":"https:\/\/api.w.org\/{rel}","templated":true}]}}