{"id":169,"date":"2013-06-10T20:30:32","date_gmt":"2013-06-10T20:30:32","guid":{"rendered":"http:\/\/delmassaltet.wordpress.com\/?p=169"},"modified":"2013-06-10T20:30:32","modified_gmt":"2013-06-10T20:30:32","slug":"exhibicion-de-trabajo-del-ratonero-valenciano","status":"publish","type":"post","link":"http:\/\/www.delmassaltet.com\/BLOG\/2013\/06\/10\/exhibicion-de-trabajo-del-ratonero-valenciano\/","title":{"rendered":"Exhibici\u00f3n de trabajo del ratonero Valenciano"},"content":{"rendered":"<p style=\"text-align:justify;\"><i>Dentro del incomparable marco de la Exposici\u00f3n Canina de Castell\u00f3n que se celebrar\u00e1 los d\u00edas 15 y 16 de Junio de 2013,\u00a0nuestro\u00a0amigo y vocal de trabajo del Club Espa\u00f1ol del Ratonero Valenciano &#8211; CERVA \u00a0Jos\u00e9 Torregrosa, realizar\u00e1 una demostraci\u00f3n de \u00abdetecci\u00f3n de sustancias\u00bb, utilizando para ello perros de la raza \u00abRatonero Valenciano\u00bb demostrando as\u00ed la funcionalidad de nuestros ejemplares.<\/i><\/p>\n<p style=\"text-align:justify;\"><!--more--><\/p>\n<p><a href=\"http:\/\/www.delmassaltet.com\/BLOG\/wp-content\/uploads\/2013\/06\/cerva_castellon.jpg\"><img decoding=\"async\" loading=\"lazy\" class=\"size-medium wp-image-171 aligncenter\" alt=\"Cerva_Castellon\" src=\"http:\/\/www.delmassaltet.com\/BLOG\/wp-content\/uploads\/2013\/06\/cerva_castellon.jpg?w=300\" width=\"300\" height=\"137\" srcset=\"http:\/\/www.delmassaltet.com\/BLOG\/wp-content\/uploads\/2013\/06\/cerva_castellon.jpg 960w, http:\/\/www.delmassaltet.com\/BLOG\/wp-content\/uploads\/2013\/06\/cerva_castellon-300x138.jpg 300w, http:\/\/www.delmassaltet.com\/BLOG\/wp-content\/uploads\/2013\/06\/cerva_castellon-768x353.jpg 768w\" sizes=\"(max-width: 300px) 100vw, 300px\" \/><\/a><\/p>\n<p style=\"text-align:justify;\"><i>La exhibici\u00f3n\u00a0tendr\u00e1\u00a0lugar el s\u00e1bado 15 de Junio de 2013 a las 11 H.<\/i><\/p>\n<p style=\"text-align:justify;\"><i>Os animamos a acudir a la cita y ver \u00abin situ\u00bb como\u00a0trabajan\u00a0nuestros queridos rateros.<\/i><\/p>\n<p style=\"text-align:justify;\">\n","protected":false},"excerpt":{"rendered":"<p>Dentro del incomparable marco de la Exposici\u00f3n Canina de Castell\u00f3n que se celebrar\u00e1 los d\u00edas 15 y 16 de Junio de 2013,\u00a0nuestro\u00a0amigo y vocal de trabajo del Club Espa\u00f1ol del Ratonero Valenciano &#8211; CERVA \u00a0Jos\u00e9 Torregrosa, realizar\u00e1 una demostraci\u00f3n de \u00abdetecci\u00f3n de sustancias\u00bb, utilizando para ello perros de la raza \u00abRatonero Valenciano\u00bb demostrando as\u00ed la &#8230; <a title=\"Exhibici\u00f3n de trabajo del ratonero Valenciano\" class=\"read-more\" href=\"http:\/\/www.delmassaltet.com\/BLOG\/2013\/06\/10\/exhibicion-de-trabajo-del-ratonero-valenciano\/\" aria-label=\"M\u00e1s en Exhibici\u00f3n de trabajo del ratonero Valenciano\">Leer m\u00e1s<\/a><\/p>\n","protected":false},"author":1,"featured_media":0,"comment_status":"closed","ping_status":"open","sticky":false,"template":"","format":"standard","meta":{"ngg_post_thumbnail":0},"categories":[2],"tags":[12,16,30,36],"_links":{"self":[{"href":"http:\/\/www.delmassaltet.com\/BLOG\/wp-json\/wp\/v2\/posts\/169"}],"collection":[{"href":"http:\/\/www.delmassaltet.com\/BLOG\/wp-json\/wp\/v2\/posts"}],"about":[{"href":"http:\/\/www.delmassaltet.com\/BLOG\/wp-json\/wp\/v2\/types\/post"}],"author":[{"embeddable":true,"href":"http:\/\/www.delmassaltet.com\/BLOG\/wp-json\/wp\/v2\/users\/1"}],"replies":[{"embeddable":true,"href":"http:\/\/www.delmassaltet.com\/BLOG\/wp-json\/wp\/v2\/comments?post=169"}],"version-history":[{"count":0,"href":"http:\/\/www.delmassaltet.com\/BLOG\/wp-json\/wp\/v2\/posts\/169\/revisions"}],"wp:attachment":[{"href":"http:\/\/www.delmassaltet.com\/BLOG\/wp-json\/wp\/v2\/media?parent=169"}],"wp:term":[{"taxonomy":"category","embeddable":true,"href":"http:\/\/www.delmassaltet.com\/BLOG\/wp-json\/wp\/v2\/categories?post=169"},{"taxonomy":"post_tag","embeddable":true,"href":"http:\/\/www.delmassaltet.com\/BLOG\/wp-json\/wp\/v2\/tags?post=169"}],"curies":[{"name":"wp","href":"https:\/\/api.w.org\/{rel}","templated":true}]}}