{"id":124,"date":"2013-06-01T11:07:20","date_gmt":"2013-06-01T11:07:20","guid":{"rendered":"http:\/\/delmassaltet.wordpress.com\/?p=124"},"modified":"2013-06-01T11:07:20","modified_gmt":"2013-06-01T11:07:20","slug":"camada-ratonero-valenciano-25-dias","status":"publish","type":"post","link":"http:\/\/www.delmassaltet.com\/BLOG\/2013\/06\/01\/camada-ratonero-valenciano-25-dias\/","title":{"rendered":"Camada Ratonero Valenciano &#8211; 25 d\u00edas."},"content":{"rendered":"<p style=\"text-align:justify;\">Aqu\u00ed os dejo unas fotos de los cachorritos de nuestra segunda camada de Ratonero Valenciano (Rater Valenci\u00e0). Ya tienen 25 d\u00edas y siguen creciendo con normalidad. Ya son un poquito traviesos, han empezado a comer papilla y es un disfrute verlos como comen.<\/p>\n<p style=\"text-align:justify;\"><!--more--><\/p>\n<p style=\"text-align:justify;\"><a href=\"http:\/\/www.delmassaltet.com\/BLOG\/wp-content\/uploads\/2013\/06\/macho4.jpg\"><img decoding=\"async\" loading=\"lazy\" class=\"alignnone size-medium wp-image-125\" alt=\"Macho4\" src=\"http:\/\/www.delmassaltet.com\/BLOG\/wp-content\/uploads\/2013\/06\/macho4.jpg?w=300\" width=\"300\" height=\"207\" srcset=\"http:\/\/www.delmassaltet.com\/BLOG\/wp-content\/uploads\/2013\/06\/macho4.jpg 800w, http:\/\/www.delmassaltet.com\/BLOG\/wp-content\/uploads\/2013\/06\/macho4-300x207.jpg 300w, http:\/\/www.delmassaltet.com\/BLOG\/wp-content\/uploads\/2013\/06\/macho4-768x530.jpg 768w\" sizes=\"(max-width: 300px) 100vw, 300px\" \/><\/a>\u00a0<a href=\"http:\/\/www.delmassaltet.com\/BLOG\/wp-content\/uploads\/2013\/06\/hembra1.jpg\"><img decoding=\"async\" loading=\"lazy\" class=\"alignnone size-medium wp-image-126\" alt=\"Hembra1\" src=\"http:\/\/www.delmassaltet.com\/BLOG\/wp-content\/uploads\/2013\/06\/hembra1.jpg?w=300\" width=\"300\" height=\"207\" srcset=\"http:\/\/www.delmassaltet.com\/BLOG\/wp-content\/uploads\/2013\/06\/hembra1.jpg 800w, http:\/\/www.delmassaltet.com\/BLOG\/wp-content\/uploads\/2013\/06\/hembra1-300x208.jpg 300w, http:\/\/www.delmassaltet.com\/BLOG\/wp-content\/uploads\/2013\/06\/hembra1-768x532.jpg 768w\" sizes=\"(max-width: 300px) 100vw, 300px\" \/><\/a><\/p>\n<p style=\"text-align:justify;\"><a href=\"http:\/\/www.delmassaltet.com\/BLOG\/wp-content\/uploads\/2013\/06\/macho2.jpg\"><img decoding=\"async\" loading=\"lazy\" class=\"alignnone size-medium wp-image-128\" alt=\"Macho2\" src=\"http:\/\/www.delmassaltet.com\/BLOG\/wp-content\/uploads\/2013\/06\/macho2.jpg?w=300\" width=\"300\" height=\"214\" srcset=\"http:\/\/www.delmassaltet.com\/BLOG\/wp-content\/uploads\/2013\/06\/macho2.jpg 800w, http:\/\/www.delmassaltet.com\/BLOG\/wp-content\/uploads\/2013\/06\/macho2-300x215.jpg 300w, http:\/\/www.delmassaltet.com\/BLOG\/wp-content\/uploads\/2013\/06\/macho2-768x550.jpg 768w\" sizes=\"(max-width: 300px) 100vw, 300px\" \/><\/a>\u00a0<a href=\"http:\/\/www.delmassaltet.com\/BLOG\/wp-content\/uploads\/2013\/06\/macho3.jpg\"><img decoding=\"async\" loading=\"lazy\" class=\"alignnone size-medium wp-image-129\" alt=\"Macho3\" src=\"http:\/\/www.delmassaltet.com\/BLOG\/wp-content\/uploads\/2013\/06\/macho3.jpg?w=300\" width=\"300\" height=\"216\" srcset=\"http:\/\/www.delmassaltet.com\/BLOG\/wp-content\/uploads\/2013\/06\/macho3.jpg 800w, http:\/\/www.delmassaltet.com\/BLOG\/wp-content\/uploads\/2013\/06\/macho3-300x216.jpg 300w, http:\/\/www.delmassaltet.com\/BLOG\/wp-content\/uploads\/2013\/06\/macho3-768x553.jpg 768w\" sizes=\"(max-width: 300px) 100vw, 300px\" \/><\/a><\/p>\n<p><a href=\"http:\/\/www.delmassaltet.com\/BLOG\/wp-content\/uploads\/2013\/06\/macho1.jpg\"><img decoding=\"async\" loading=\"lazy\" class=\"size-medium wp-image-127 aligncenter\" alt=\"Macho1\" src=\"http:\/\/www.delmassaltet.com\/BLOG\/wp-content\/uploads\/2013\/06\/macho1.jpg?w=300\" width=\"300\" height=\"228\" srcset=\"http:\/\/www.delmassaltet.com\/BLOG\/wp-content\/uploads\/2013\/06\/macho1.jpg 800w, http:\/\/www.delmassaltet.com\/BLOG\/wp-content\/uploads\/2013\/06\/macho1-300x228.jpg 300w, http:\/\/www.delmassaltet.com\/BLOG\/wp-content\/uploads\/2013\/06\/macho1-768x585.jpg 768w\" sizes=\"(max-width: 300px) 100vw, 300px\" \/><\/a><\/p>\n<p style=\"text-align:justify;\">\n","protected":false},"excerpt":{"rendered":"<p>Aqu\u00ed os dejo unas fotos de los cachorritos de nuestra segunda camada de Ratonero Valenciano (Rater Valenci\u00e0). Ya tienen 25 d\u00edas y siguen creciendo con normalidad. Ya son un poquito traviesos, han empezado a comer papilla y es un disfrute verlos como comen.<\/p>\n","protected":false},"author":1,"featured_media":0,"comment_status":"closed","ping_status":"open","sticky":false,"template":"","format":"standard","meta":{"ngg_post_thumbnail":0},"categories":[2],"tags":[33,34,40],"_links":{"self":[{"href":"http:\/\/www.delmassaltet.com\/BLOG\/wp-json\/wp\/v2\/posts\/124"}],"collection":[{"href":"http:\/\/www.delmassaltet.com\/BLOG\/wp-json\/wp\/v2\/posts"}],"about":[{"href":"http:\/\/www.delmassaltet.com\/BLOG\/wp-json\/wp\/v2\/types\/post"}],"author":[{"embeddable":true,"href":"http:\/\/www.delmassaltet.com\/BLOG\/wp-json\/wp\/v2\/users\/1"}],"replies":[{"embeddable":true,"href":"http:\/\/www.delmassaltet.com\/BLOG\/wp-json\/wp\/v2\/comments?post=124"}],"version-history":[{"count":0,"href":"http:\/\/www.delmassaltet.com\/BLOG\/wp-json\/wp\/v2\/posts\/124\/revisions"}],"wp:attachment":[{"href":"http:\/\/www.delmassaltet.com\/BLOG\/wp-json\/wp\/v2\/media?parent=124"}],"wp:term":[{"taxonomy":"category","embeddable":true,"href":"http:\/\/www.delmassaltet.com\/BLOG\/wp-json\/wp\/v2\/categories?post=124"},{"taxonomy":"post_tag","embeddable":true,"href":"http:\/\/www.delmassaltet.com\/BLOG\/wp-json\/wp\/v2\/tags?post=124"}],"curies":[{"name":"wp","href":"https:\/\/api.w.org\/{rel}","templated":true}]}}