{"id":112,"date":"2013-05-31T17:25:29","date_gmt":"2013-05-31T17:25:29","guid":{"rendered":"http:\/\/delmassaltet.wordpress.com\/?p=112"},"modified":"2013-05-31T17:25:29","modified_gmt":"2013-05-31T17:25:29","slug":"exposicion-castellon-2013","status":"publish","type":"post","link":"http:\/\/www.delmassaltet.com\/BLOG\/2013\/05\/31\/exposicion-castellon-2013\/","title":{"rendered":"Exposici\u00f3n Castell\u00f3n 2013"},"content":{"rendered":"<p style=\"text-align:justify;\">Este a\u00f1o la Sociedad Canina de Castell\u00f3n ha dado un paso m\u00e1s y a cambiado el lugar de celebraci\u00f3n de sus exposiciones a la ciudad de Castell\u00f3n, concretamente en el Recinto de Ferias y Mercados, un pabell\u00f3n con 25.000 m2, con altos techos, grandes zonas para expositores, stands y restauraci\u00f3n, sin olvidar sus 17.000 m2 de parking a escasos metros de los rings.<\/p>\n<p><a href=\"http:\/\/www.delmassaltet.com\/BLOG\/wp-content\/uploads\/2013\/05\/pabellon-castellon.jpg\"><img decoding=\"async\" loading=\"lazy\" class=\"aligncenter\" alt=\"Pabellon Castellon\" src=\"http:\/\/www.delmassaltet.com\/BLOG\/wp-content\/uploads\/2013\/05\/pabellon-castellon.jpg?w=300\" width=\"300\" height=\"174\" \/><\/a><\/p>\n<p>El d\u00eda 15 de Junio ser\u00e1 la XXV Exposici\u00f3n Nacional CAC y el d\u00eda 16 de Junio tendr\u00e1 lugar la XXII Exposici\u00f3n Internacional CACIB.<\/p>\n<p><!--more--><\/p>\n<p><a href=\"http:\/\/www.delmassaltet.com\/BLOG\/wp-content\/uploads\/2013\/05\/castellon-2013.jpg\"><img decoding=\"async\" loading=\"lazy\" class=\"size-medium wp-image-113 aligncenter\" alt=\"castellon-2013\" src=\"http:\/\/www.delmassaltet.com\/BLOG\/wp-content\/uploads\/2013\/05\/castellon-2013.jpg?w=201\" width=\"201\" height=\"300\" srcset=\"http:\/\/www.delmassaltet.com\/BLOG\/wp-content\/uploads\/2013\/05\/castellon-2013.jpg 367w, http:\/\/www.delmassaltet.com\/BLOG\/wp-content\/uploads\/2013\/05\/castellon-2013-202x300.jpg 202w\" sizes=\"(max-width: 201px) 100vw, 201px\" \/><\/a><\/p>\n<p style=\"text-align:justify;\">Adem\u00e1s el d\u00eda 15 de Junio por la tarde tendr\u00e1n lugar distintas monogr\u00e1ficas de raza, entre ellas la Monogr\u00e1fica del Podenco Ibicenco organizada por la AEPI.<\/p>\n<p style=\"text-align:justify;\">As\u00ed que como ya falta poco hay que ir preparando nuestros perros para estas grandes exposiciones. Todo el personal de la Sociedad Canina de Castell\u00f3n est\u00e1 realizando una enorme labor para que todo salga perfecto y este a gusto de los expositores.<\/p>\n<p style=\"text-align:justify;\">Como dice el eslogan de la SCCS:<\/p>\n<p style=\"text-align:center;\"><em><strong>Vuelve el verano!! Vuelve Castell\u00f3n!!!<\/strong><\/em><\/p>\n<p>No falt\u00e9is!!!!!<\/p>\n","protected":false},"excerpt":{"rendered":"<p>Este a\u00f1o la Sociedad Canina de Castell\u00f3n ha dado un paso m\u00e1s y a cambiado el lugar de celebraci\u00f3n de sus exposiciones a la ciudad de Castell\u00f3n, concretamente en el Recinto de Ferias y Mercados, un pabell\u00f3n con 25.000 m2, con altos techos, grandes zonas para expositores, stands y restauraci\u00f3n, sin olvidar sus 17.000 m2 &#8230; <a title=\"Exposici\u00f3n Castell\u00f3n 2013\" class=\"read-more\" href=\"http:\/\/www.delmassaltet.com\/BLOG\/2013\/05\/31\/exposicion-castellon-2013\/\" aria-label=\"M\u00e1s en Exposici\u00f3n Castell\u00f3n 2013\">Leer m\u00e1s<\/a><\/p>\n","protected":false},"author":1,"featured_media":0,"comment_status":"closed","ping_status":"open","sticky":false,"template":"","format":"standard","meta":{"ngg_post_thumbnail":0},"categories":[2],"tags":[],"_links":{"self":[{"href":"http:\/\/www.delmassaltet.com\/BLOG\/wp-json\/wp\/v2\/posts\/112"}],"collection":[{"href":"http:\/\/www.delmassaltet.com\/BLOG\/wp-json\/wp\/v2\/posts"}],"about":[{"href":"http:\/\/www.delmassaltet.com\/BLOG\/wp-json\/wp\/v2\/types\/post"}],"author":[{"embeddable":true,"href":"http:\/\/www.delmassaltet.com\/BLOG\/wp-json\/wp\/v2\/users\/1"}],"replies":[{"embeddable":true,"href":"http:\/\/www.delmassaltet.com\/BLOG\/wp-json\/wp\/v2\/comments?post=112"}],"version-history":[{"count":0,"href":"http:\/\/www.delmassaltet.com\/BLOG\/wp-json\/wp\/v2\/posts\/112\/revisions"}],"wp:attachment":[{"href":"http:\/\/www.delmassaltet.com\/BLOG\/wp-json\/wp\/v2\/media?parent=112"}],"wp:term":[{"taxonomy":"category","embeddable":true,"href":"http:\/\/www.delmassaltet.com\/BLOG\/wp-json\/wp\/v2\/categories?post=112"},{"taxonomy":"post_tag","embeddable":true,"href":"http:\/\/www.delmassaltet.com\/BLOG\/wp-json\/wp\/v2\/tags?post=112"}],"curies":[{"name":"wp","href":"https:\/\/api.w.org\/{rel}","templated":true}]}}